{"id":71924,"date":"2010-03-05T03:00:00","date_gmt":"2010-03-05T06:00:00","guid":{"rendered":"http:\/\/martineziuliano.com.ar\/web\/afip-malas-noticias\/"},"modified":"2010-03-05T03:00:00","modified_gmt":"2010-03-05T06:00:00","slug":"afip-malas-noticias","status":"publish","type":"post","link":"https:\/\/ic.tecnopc.com.ar\/index.php\/2010\/03\/05\/afip-malas-noticias\/","title":{"rendered":"AFIP: MALAS NOTICIAS"},"content":{"rendered":"<div><span style=\"color: #0000ff;\">En un escenario de crisis de financiamiento, endurecen  dram\u00e1ticamente las multas por incumplimientos formales y atrasos en los pagos  laborales y previsionales<\/span><\/div>\n<div><\/div>\n<div>\n<div>La Administraci\u00f3n Federal de Ingresos P\u00fablicos (AFIP) decidi\u00f3  modificar las reglas, a trav\u00e9s de la resoluci\u00f3n general N\u00b0 2766, sobre las  obligaciones de la seguridad social y DESDE ESTE LUNES YA RIGEN nuevas pautas.  <br \/>LAS EMPRESAS DEBER\u00c1N TOMAR MAYORES RECAUDOS en la administraci\u00f3n de los  Recursos Humanos a los fines de no incurrir en atrasos o inexactitudes que  generar\u00e1n un costo de relevancia econ\u00f3mica. <\/p>\n<p>\u2022 Las nuevas multas se  configuran POR CADA TRABAJADOR detectado en infracci\u00f3n y se graduar\u00e1n en funci\u00f3n  a un m\u00ednimo de $240 y un m\u00e1ximo de $6.000&#8243;. <br \/>\u2022 Que el \u201cincumplimiento de la  obligaci\u00f3n de registrar debidamente el alta y\/o baja respecto de cada trabajador  detectado en infracci\u00f3n&#8221;, multa equivalente a diez veces el monto de la base  imponible m\u00ednima prevista en el Sistema Integrado de Jubilaciones y Pensiones  (SIJP).<br \/>\u2022 La \u201cfalta de registraci\u00f3n o ausencia de los registros, multa  equivalente a 5 veces el monto de la base imponible m\u00ednima prevista\u201d en el mismo  sistema. <br \/>\u2022 La declaraci\u00f3n \u201cformalmente err\u00f3nea de los datos identificatorios  respecto de cada trabajador&#8221;, multa equivalente a 3 veces el monto de la base  imponible m\u00ednima. <br \/>\u2022 Hay s\u00f3lo 24 horas para anular el alta si, por el motivo  que fuere, la relaci\u00f3n laboral no se inicia.<br \/>\u2022 Sobre este punto, el fisco  aclar\u00f3 que establecer\u00e1 una multa si ese plazo se viera superado, correspondiente  al 1% del monto del total de las \u00faltimas remuneraciones imponibles sujetas a  aportes, excluido el sueldo anual complementario y las gratificaciones  extraordinarias, abonadas por el empleador en el mes inmediato anterior a aqu\u00e9l  en el que debi\u00f3 informarse la anulaci\u00f3n.<br \/>\u2022 La norma aclara que cuando en el  mes calendario \u201cno se hayan abonado remuneraciones, CUALQUIERA SEA LA CAUSA, se  tomar\u00e1 el total de las \u00faltimas remuneraciones imponibles sujetas a aportes,  excluido el sueldo anual complementario y las gratificaciones extraordinarias\u201d:  Antes de que la AFIP inicie una inspecci\u00f3n: al 5% de su monto. Dentro del plazo  estipulado en la intimaci\u00f3n que efect\u00fae el organismo: al 10% de su monto.<br \/>\u2022  En cuanto al atraso en el pago de los aportes y contribuciones por parte de los  empleadores, el fisco determin\u00f3 que si la mora es de:<br \/>o hasta 10 d\u00edas se  deber\u00e1 abonar un 0,10% del total omitido, por cada d\u00eda atrasado. <br \/>o Entre 11  y 30 d\u00edas: 5% del total omitido.<br \/>o De 31 y 60 d\u00edas posteriores: 10% del  total<br \/>o Con una mora de entre 61 y 90 d\u00edas posteriores al plazo de  vencimiento general: 20% del total omitido. <br \/>o M\u00e1s de 90 d\u00edas posteriores al  plazo de vencimiento general: 30% del total omitido.<br \/>o El organismo agreg\u00f3  que se reducir\u00e1n las multas indicadas precedentemente, cuando el ingreso se  produzca con posterioridad al plazo de vencimiento general, pero antes de que la  AFIP notifique al deudor la intimaci\u00f3n de pago de los aportes y contribuciones  adeudados. La reducci\u00f3n, si se dan esos requisitos, ser\u00e1 a un quinto de su  valor.<\/div>\n<\/p><\/div>\n","protected":false},"excerpt":{"rendered":"<div><span style=\"color: #0000ff;\">En un escenario de crisis de financiamiento, endurecen  dram\u00e1ticamente las multas por incumplimientos formales y atrasos en los pagos  laborales y previsionales<\/span><\/div>\n<div><\/div>\n<div>\n<div>La Administraci\u00f3n Federal de Ingresos P\u00fablicos (AFIP) decidi\u00f3  modificar las reglas, a trav\u00e9s de la resoluci\u00f3n general N\u00b0 2766, sobre las  obligaciones de la seguridad social y DESDE ESTE LUNES YA RIGEN nuevas pautas.  <br \/>LAS EMPRESAS DEBER\u00c1N TOMAR MAYORES RECAUDOS en la administraci\u00f3n de los  Recursos Humanos a los fines de no incurrir en atrasos o inexactitudes que  generar\u00e1n un costo de relevancia econ\u00f3mica.<\/p>\n","protected":false},"author":1,"featured_media":73547,"comment_status":"closed","ping_status":"open","sticky":false,"template":"","format":"standard","meta":{"footnotes":""},"categories":[3],"tags":[],"class_list":["post-71924","post","type-post","status-publish","format-standard","has-post-thumbnail","hentry","category-ultimas-noticias"],"_links":{"self":[{"href":"https:\/\/ic.tecnopc.com.ar\/index.php\/wp-json\/wp\/v2\/posts\/71924","targetHints":{"allow":["GET"]}}],"collection":[{"href":"https:\/\/ic.tecnopc.com.ar\/index.php\/wp-json\/wp\/v2\/posts"}],"about":[{"href":"https:\/\/ic.tecnopc.com.ar\/index.php\/wp-json\/wp\/v2\/types\/post"}],"author":[{"embeddable":true,"href":"https:\/\/ic.tecnopc.com.ar\/index.php\/wp-json\/wp\/v2\/users\/1"}],"replies":[{"embeddable":true,"href":"https:\/\/ic.tecnopc.com.ar\/index.php\/wp-json\/wp\/v2\/comments?post=71924"}],"version-history":[{"count":0,"href":"https:\/\/ic.tecnopc.com.ar\/index.php\/wp-json\/wp\/v2\/posts\/71924\/revisions"}],"wp:featuredmedia":[{"embeddable":true,"href":"https:\/\/ic.tecnopc.com.ar\/index.php\/wp-json\/"}],"wp:attachment":[{"href":"https:\/\/ic.tecnopc.com.ar\/index.php\/wp-json\/wp\/v2\/media?parent=71924"}],"wp:term":[{"taxonomy":"category","embeddable":true,"href":"https:\/\/ic.tecnopc.com.ar\/index.php\/wp-json\/wp\/v2\/categories?post=71924"},{"taxonomy":"post_tag","embeddable":true,"href":"https:\/\/ic.tecnopc.com.ar\/index.php\/wp-json\/wp\/v2\/tags?post=71924"}],"curies":[{"name":"wp","href":"https:\/\/api.w.org\/{rel}","templated":true}]}}