{"id":72059,"date":"2006-10-11T03:00:00","date_gmt":"2006-10-11T06:00:00","guid":{"rendered":"http:\/\/martineziuliano.com.ar\/web\/mercosur-avance\/"},"modified":"2006-10-11T03:00:00","modified_gmt":"2006-10-11T06:00:00","slug":"mercosur-avance","status":"publish","type":"post","link":"https:\/\/ic.tecnopc.com.ar\/index.php\/2006\/10\/11\/mercosur-avance\/","title":{"rendered":"MERCOSUR: AVANCE"},"content":{"rendered":"<div><span style=\"color: #3366ff;\">Argentina y Brasil fijan cronograma para comerciar sin  d\u00f3lar<\/span><\/div>\n<div>Buenos Aires, oct. 10 -(Nosis)- La ministro de Econom\u00eda,  Felisa Miceli, y su par de Desarrollo de Brasil, Luiz Furlan, acordaron hoy  elevar a los presidentes N\u00e9stor Kirchner y Lula Da Silva un cronograma para  eliminar el d\u00f3lar del comercio bilateral.<\/div>\n<div>Seg\u00fan dijo Miceli, &#8220;el primer paso  ser\u00e1 la aprobaci\u00f3n de los presidentes a fin de a\u00f1o&#8221; en el marco de la Cumbre del  MERCOSUR que tendr\u00e1 lugar en Brasil a fin de a\u00f1o, para lo cual se establecer\u00e1 un  protocolo.<br \/>&#8220;La evaluaci\u00f3n de la reuni\u00f3n es muy positiva, hemos podido planear  muchas cosas importantes para ir analiz\u00e1ndolas. Estuvimos hablando del comercio  bilateral en moneda local, tambi\u00e9n de c\u00f3mo incentivar el comercio del MERCOSUR,  para salir a vender los productos en forma conjunta y una serie de cuestiones  que hacen al desarrollo regional&#8221;, indic\u00f3 la ministro.<br \/>Ambos funcionarios  improvisaron una breve conferencia de prensa en el quinto piso del Palacio de  Hacienda, a la salida del Sal\u00f3n Padilla, donde tuvieron los encuentros.<br \/>Junto  con Miceli estuvieron el secretario de Industria, Miguel Peirano, y el de  Agricultura, Ganader\u00eda, Pesca y Alimentos, Miguel Campos.<br \/>La jefe de la  cartera econ\u00f3mica indic\u00f3 que uno de los temas abordados fue su proyecto,  presentado en julio en la Cumbre del MERCOSUR, de eliminar la moneda de Estados  Unidos del intercambio comercial en la regi\u00f3n.<br \/>&#8220;El primer paso es la  aprobaci\u00f3n por parte de los presidentes que se har\u00e1 a fin de a\u00f1o para su  incorporaci\u00f3n en un protocolo para lo cual nos hemos fijado un cronograma&#8221;,  indic\u00f3.<br \/>Furlan se\u00f1al\u00f3 que tuvo tres presentaciones por la ma\u00f1ana con el  secretario de Transporte, Ricardo Jaime, el de Energ\u00eda, Daniel Cameron, y el  Obras P\u00fablicas, Jos\u00e9 L\u00f3pez, quienes le mostraron 30 proyectos que tienen en  carpeta.<br \/>Furlan se\u00f1al\u00f3 que est\u00e1 &#8220;todo disponible para que los empresarios se  puedan expresar en las inversiones en varias regiones de Argentina&#8221;.<br \/>&#8220;Entre  los proyectos de inversi\u00f3n que se presentaron est\u00e1n la ampliaci\u00f3n del subte de  Buenos aires, tranv\u00edas en tres ciudades del interior y un proyecto muy  interesante de poner un tranv\u00eda en Puerto Madero&#8221;, sostuvo.<br \/>Furlan ratific\u00f3  que para tales proyectos el Banco Nacional de Desarrollo Social de Brasil  (BNDES) dispone de financiamiento para empresas de su pa\u00eds por hasta 3000  millones de d\u00f3lares.<br \/>&#8220;La participaci\u00f3n del BNDES depende que los proyectos  lleguen al Banco por intermedio de empresas interesadas&#8221;, indic\u00f3 el ministro  quien aclar\u00f3 &#8220;el inter\u00e9s en el MERCOSUR y la exportaci\u00f3n de productos brasile\u00f1os  es independiente de los gobiernos&#8221;.<br \/>Furlan agreg\u00f3 que &#8220;hay un mercado  creciente en la Argentina; hay movimiento y necesidad de infraestructura y si se  ofrecen las garant\u00edas necesarias el banco funciona apoyando&#8221;.<br \/>&#8220;Es un buen  negocio para todos porque si Argentina es competitiva se van a crear empleos en  Argentina y Brasil y habr\u00e1 m\u00e1s prosperidad para los pueblos&#8221;,  sostuvo.<\/p>\n<\/div>\n","protected":false},"excerpt":{"rendered":"<div><span style=\"color: #3366ff;\">Argentina y Brasil fijan cronograma para comerciar sin  d\u00f3lar<\/span><\/div>\n<div>Buenos Aires, oct. 10 -(Nosis)- La ministro de Econom\u00eda,  Felisa Miceli, y su par de Desarrollo de Brasil, Luiz Furlan, acordaron hoy  elevar a los presidentes N\u00e9stor Kirchner y Lula Da Silva un cronograma para  eliminar el d\u00f3lar del comercio bilateral.<\/div>\n<div>\n","protected":false},"author":1,"featured_media":73547,"comment_status":"closed","ping_status":"open","sticky":false,"template":"","format":"standard","meta":{"footnotes":""},"categories":[3],"tags":[],"class_list":["post-72059","post","type-post","status-publish","format-standard","has-post-thumbnail","hentry","category-ultimas-noticias"],"_links":{"self":[{"href":"https:\/\/ic.tecnopc.com.ar\/index.php\/wp-json\/wp\/v2\/posts\/72059","targetHints":{"allow":["GET"]}}],"collection":[{"href":"https:\/\/ic.tecnopc.com.ar\/index.php\/wp-json\/wp\/v2\/posts"}],"about":[{"href":"https:\/\/ic.tecnopc.com.ar\/index.php\/wp-json\/wp\/v2\/types\/post"}],"author":[{"embeddable":true,"href":"https:\/\/ic.tecnopc.com.ar\/index.php\/wp-json\/wp\/v2\/users\/1"}],"replies":[{"embeddable":true,"href":"https:\/\/ic.tecnopc.com.ar\/index.php\/wp-json\/wp\/v2\/comments?post=72059"}],"version-history":[{"count":0,"href":"https:\/\/ic.tecnopc.com.ar\/index.php\/wp-json\/wp\/v2\/posts\/72059\/revisions"}],"wp:featuredmedia":[{"embeddable":true,"href":"https:\/\/ic.tecnopc.com.ar\/index.php\/wp-json\/"}],"wp:attachment":[{"href":"https:\/\/ic.tecnopc.com.ar\/index.php\/wp-json\/wp\/v2\/media?parent=72059"}],"wp:term":[{"taxonomy":"category","embeddable":true,"href":"https:\/\/ic.tecnopc.com.ar\/index.php\/wp-json\/wp\/v2\/categories?post=72059"},{"taxonomy":"post_tag","embeddable":true,"href":"https:\/\/ic.tecnopc.com.ar\/index.php\/wp-json\/wp\/v2\/tags?post=72059"}],"curies":[{"name":"wp","href":"https:\/\/api.w.org\/{rel}","templated":true}]}}