{"id":72065,"date":"2006-10-30T03:00:00","date_gmt":"2006-10-30T06:00:00","guid":{"rendered":"http:\/\/martineziuliano.com.ar\/web\/plan-productivo-nacional\/"},"modified":"2006-10-30T03:00:00","modified_gmt":"2006-10-30T06:00:00","slug":"plan-productivo-nacional","status":"publish","type":"post","link":"https:\/\/ic.tecnopc.com.ar\/index.php\/2006\/10\/30\/plan-productivo-nacional\/","title":{"rendered":"PLAN PRODUCTIVO NACIONAL"},"content":{"rendered":"<div><span style=\"color: #3366ff;\">El Gobierno revisar\u00e1 la ley de beneficios fiscales para las  Pymes<\/span><\/div>\n<div>Buenos Aires, oct. 27 (NA) &#8212; El Gobierno &#8220;revisar\u00e1&#8221; el  proyecto de ley enviado al Congreso que promueve beneficios fiscales para las  peque\u00f1as y medianas empresas, con el fin de &#8220;adecuarlo&#8221; al Plan Productivo  Nacional, anunci\u00f3 hoy la ministra Felisa Miceli.<\/div>\n<div>La funcionaria habl\u00f3 en el  lanzamiento de la V Ronda Nacional de Negocios que se realizar\u00e1 en la sede del  Teatro Argentino de La Plata entre el 16 y 17 de noviembre pr\u00f3ximo, de la que  participar\u00e1n alrededor de 900 peque\u00f1as y medianas empresas provenientes de 20  provincias. <br \/>La ministra presidi\u00f3 el acto acompa\u00f1ada de su par de la  Producci\u00f3n de la Provincia de Buenos Aires, D\u00e9bora Giorgi, y el subsecretario  Pyme y Desarrollo Regional, Mat\u00edas Kulfas. <br \/>En el acto realizado en el  Microcine del Palacio de Hacienda, Miceli resalt\u00f3 la &#8220;robustez del crecimiento y  la solidez de los pilares macroecon\u00f3micos, que nos permitir\u00e1 avanzar en el  proyecto productivo nacional&#8221;. <br \/>Agreg\u00f3 que durante &#8220;todo el 2007 se  trabajar\u00e1&#8221; en los proyectos productivos provinciales para consensuar el programa  nacional que se bas\u00f3 en los ejes de inversiones, exportaciones, financiamiento y  competitividad de las empresas. <br \/>Se\u00f1al\u00f3 que el plan &#8220;tendr\u00e1 una primera etapa  de metas para el 2010, aniversario del primer bicentenario, y otra con objetivos  a alcanzar en el 2016, cuando se cumpla el segundo bicentenario&#8221;. <br \/>Agreg\u00f3 que  las medidas del Plan productivo &#8220;van a ser diferenciadas para cada sector de  actividad y para cada uno de los territorios que est\u00e9n involucradas las  empresas&#8221; sin detallar mayores precisiones. <br \/>Miceli anunci\u00f3 que el gobierno  revisar\u00e1 el proyecto de ley enviado al Congreso por su antecesor en el cargo,  Roberto Lavagna, que otorga beneficios fiscales a las Pymes, &#8220;para acoplarlo a  los objetivos de mediando y largo plazo y colocar los incentivos fiscales y  financieros alineados a los resultados que queremos obtener&#8221;. <br \/>Por su parte,  la ministra de la Producci\u00f3n bonaerense se\u00f1al\u00f3 que la ronda de negocios &#8220;busca  contribuir al desarrollo regional y nacional, y consolidar el mercado interno  entre las Pymes con vistas al principal objetivo que es lograr una plataforma  exportadora&#8221;. <br \/>Destac\u00f3 que entre las Pymes se buscar\u00e1 reconstruir &#8220;algo muy  dif\u00edcil como la reestructuraci\u00f3n de empresas proveedoras de insumos en el sector  industrial que hemos perdido&#8221;. <br \/>Giorgi agreg\u00f3 que con estas rondas de  negocios se busca &#8220;reconstruir a trav\u00e9s de las formaci\u00f3n de cadenas de valor el  tejido industrial que ten\u00edamos y el fortalecimiento del mercado interno&#8221;. <br \/>La  funcionaria bonaerense explic\u00f3 que la ronda de negocios ser\u00e1 multisectorial y  alcanzar\u00e1 a los sectores del agro, la industria y los servicios y que se realiza  en el marco del Programa de Integraci\u00f3n y Desarrollo del Mercado Interno  (PIDMI). <br \/>La Ronda Nacional de Negocios es auspiciada por los ministerios de  Econom\u00eda y Producci\u00f3n de las provincias de Mendoza, Buenos Aires, San Luis, La  Rioja, Santiago del Estero y Tucum\u00e1n, y los municipios de Rosario, General  Pueyrred\u00f3n, Paran\u00e1, Jun\u00edn y R\u00edo Cuarto, adem\u00e1s del Estado Mayor Conjunto de las  Fuerzas Armadas. <br \/>Giorgi destac\u00f3 que el evento, tendr\u00e1 el financiamiento del  Consejo Federal de Inversiones, y que tambi\u00e9n es auspiciados por la Federaci\u00f3n  Industrial de Santa Fe y Rosario, la Asociaci\u00f3n de Industrias Metal\u00fargicas  (ADIMRA), la Confederaci\u00f3n de Industrias del Litoral, la C\u00e1mara Regional  Empresaria y del Comercio Exterior (CRECER) y la Federaci\u00f3n Nacional de  Emprendedores Asociados. <br \/>Giorgi anunci\u00f3 tambi\u00e9n que durante el 2007 se  realizar\u00e1n nuevas rondas de negocios para Pymes en Rosario y R\u00edo Negro y al a\u00f1o  siguiente en Santiago del Estero y la localidad bonaerense de Jun\u00edn.<\/div>\n","protected":false},"excerpt":{"rendered":"<div><span style=\"color: #3366ff;\">El Gobierno revisar\u00e1 la ley de beneficios fiscales para las  Pymes<\/span><\/div>\n<div>Buenos Aires, oct. 27 (NA) &#8212; El Gobierno &#8220;revisar\u00e1&#8221; el  proyecto de ley enviado al Congreso que promueve beneficios fiscales para las  peque\u00f1as y medianas empresas, con el fin de &#8220;adecuarlo&#8221; al Plan Productivo  Nacional, anunci\u00f3 hoy la ministra Felisa Miceli.<\/div>\n<div>\n","protected":false},"author":1,"featured_media":73547,"comment_status":"closed","ping_status":"open","sticky":false,"template":"","format":"standard","meta":{"footnotes":""},"categories":[3],"tags":[],"class_list":["post-72065","post","type-post","status-publish","format-standard","has-post-thumbnail","hentry","category-ultimas-noticias"],"_links":{"self":[{"href":"https:\/\/ic.tecnopc.com.ar\/index.php\/wp-json\/wp\/v2\/posts\/72065","targetHints":{"allow":["GET"]}}],"collection":[{"href":"https:\/\/ic.tecnopc.com.ar\/index.php\/wp-json\/wp\/v2\/posts"}],"about":[{"href":"https:\/\/ic.tecnopc.com.ar\/index.php\/wp-json\/wp\/v2\/types\/post"}],"author":[{"embeddable":true,"href":"https:\/\/ic.tecnopc.com.ar\/index.php\/wp-json\/wp\/v2\/users\/1"}],"replies":[{"embeddable":true,"href":"https:\/\/ic.tecnopc.com.ar\/index.php\/wp-json\/wp\/v2\/comments?post=72065"}],"version-history":[{"count":0,"href":"https:\/\/ic.tecnopc.com.ar\/index.php\/wp-json\/wp\/v2\/posts\/72065\/revisions"}],"wp:featuredmedia":[{"embeddable":true,"href":"https:\/\/ic.tecnopc.com.ar\/index.php\/wp-json\/"}],"wp:attachment":[{"href":"https:\/\/ic.tecnopc.com.ar\/index.php\/wp-json\/wp\/v2\/media?parent=72065"}],"wp:term":[{"taxonomy":"category","embeddable":true,"href":"https:\/\/ic.tecnopc.com.ar\/index.php\/wp-json\/wp\/v2\/categories?post=72065"},{"taxonomy":"post_tag","embeddable":true,"href":"https:\/\/ic.tecnopc.com.ar\/index.php\/wp-json\/wp\/v2\/tags?post=72065"}],"curies":[{"name":"wp","href":"https:\/\/api.w.org\/{rel}","templated":true}]}}