{"id":72117,"date":"2007-08-07T03:00:00","date_gmt":"2007-08-07T06:00:00","guid":{"rendered":"http:\/\/martineziuliano.com.ar\/web\/economia-el-propio-gobierno-genera-incertidumbres\/"},"modified":"2007-08-07T03:00:00","modified_gmt":"2007-08-07T06:00:00","slug":"economia-el-propio-gobierno-genera-incertidumbres","status":"publish","type":"post","link":"https:\/\/ic.tecnopc.com.ar\/index.php\/2007\/08\/07\/economia-el-propio-gobierno-genera-incertidumbres\/","title":{"rendered":"ECONOM\u00cdA: EL PROPIO GOBIERNO GENERA INCERTIDUMBRES"},"content":{"rendered":"<div><span style=\"color: #3366ff;\">El Presidente considera &#8220;extinguida&#8221; la doble indemnizaci\u00f3n  pero sus funcionarios, no; y hubo rumores de un nuevo impuesto a las  inversiones.<\/span><\/div>\n<div><\/div>\n<div>\n<div>* Buenos Aires, 2 agosto (NA) &#8212; La posibilidad de que la  doble indemnizaci\u00f3n quede sin efecto apenas la desocupaci\u00f3n baje a un d\u00edgito  gener\u00f3 discrepancias entre el Gobierno y representantes empresarios y  sindicales, y a eso se sum\u00f3 la duda sobre si hay que incluir o no los planes  sociales en la estad\u00edstica. El desempleo baj\u00f3 al 9,8 por ciento en la \u00faltima  medici\u00f3n del INDEC, pero si se cuentan como desocupados a quienes perciben  planes sociales, llega al 11,1. <br \/>El 22 de agosto pr\u00f3ximo est\u00e1 prevista la  difusi\u00f3n del pr\u00f3ximo \u00edndice de desempleo, si es que el conflicto en el INDEC lo  permite. <br \/>Las declaraciones del presidente N\u00e9stor Kirchner referidas a la  posible eliminaci\u00f3n de este beneficio una vez que el desempleo se ubique por  debajo del 10 por ciento, fue apoyado por sectores empresarios pero rechazado  por representantes de los gremios. <br \/>Incluso, el jefe de Gabinete, Alberto  Fern\u00e1ndez, admiti\u00f3 que si el nivel de desempleo baja a &#8220;un d\u00edgito&#8221; en la pr\u00f3xima  medici\u00f3n oficial desaparecer\u00e1 la doble indemnizaci\u00f3n. <br \/>Sin embargo, aclar\u00f3  que a\u00fan resta definir si en el descenso del \u00edndice de desocupaci\u00f3n deben ser  considerados los planes sociales. <br \/>&#8220;Hay que ver si se contabilizan los planes  sociales. Pero tenemos que lograr que contabiliz\u00e1ndolos o no, la desocupaci\u00f3n  sea de un d\u00edgito&#8221;, dijo Fern\u00e1ndez en declaraciones a radio Am\u00e9rica. <br \/>El  \u00edndice de desocupaci\u00f3n del segundo trimestre ser\u00e1 difundido por el INDEC este  mes y el Presidente garantiz\u00f3 que la eliminaci\u00f3n de la doble indemnizaci\u00f3n ser\u00e1  resuelta en el corto plazo. <br \/>El abogado laboralista Daniel Funes de Rioja  asegur\u00f3 que &#8220;est\u00e1 bien&#8221; que el jefe de Estado haya decidido &#8220;asumir este tema  laboral, que perjudicaba a empresarios y trabajadores&#8221;. <br \/>Funes de Rioja  -asesor de la Uni\u00f3n Industrial Argentina- dijo que &#8220;temas como el de la doble  indemnizaci\u00f3n lo \u00fanico que hacen es alimentar cada vez m\u00e1s la inseguridad  jur\u00eddica y la industria del juicio, que no beneficia ni a trabajadores ni a  empresarios&#8221;. <br \/>Por el contrario, el diputado por el Frente para la Victoria,  H\u00e9ctor Recalde, consider\u00f3 que este beneficio &#8220;sigue vigente&#8221; porque la ley que  la descarta en caso de que la desocupaci\u00f3n baje a un d\u00edgito &#8220;es ambigua&#8221;.  <br \/>&#8220;La doble sigue vigente y en caso de que la desocupaci\u00f3n baje a un d\u00edgito,  el Ministerio de Trabajo tiene que dictar un acto administrativo o legislativo  que diga que se cumpli\u00f3 la condici\u00f3n que estableci\u00f3 la ley&#8221;, puntaliz\u00f3 en  declaraciones radiales. <br \/>Para el asesor de la CGT, la discusi\u00f3n se produce  porque &#8220;la ley es ambigua y ah\u00ed surgen las discusiones si en el \u00edndice se  contabilizan o no los planes sociales&#8221;. <br \/>&#8220;Frente a la duda hay que tomar la  m\u00e1s favorable al trabajador y, seg\u00fan mi criterio, eso es mantener la fuente de  empleo&#8221;, se\u00f1al\u00f3. <br \/>Por su parte, el secretario general de la Uni\u00f3n del  Personal Civil de la Naci\u00f3n, Andr\u00e9s Rodr\u00edguez, sostuvo que &#8220;lo importante es  analizar que el mercado laboral a\u00fan no est\u00e1 funcionando bien&#8221;, por lo cual  estim\u00f3 que la doble indemnizaci\u00f3n deber\u00eda continuar. <br \/>&#8220;Existe todav\u00eda, m\u00e1s  all\u00e1 de la desocupaci\u00f3n que efectivamente ha descendido, una suerte de gran  colch\u00f3n de trabajo precario, trabajo en negro, que involucra a casi un 40 por  ciento de los trabajadores&#8221;, puntualiz\u00f3 el sindicalista. <br \/>Rodr\u00edguez reconoci\u00f3  que, a pesar de la significativa cifra de empleo informal que a\u00fan registra el  pa\u00eds, &#8220;en su momento el compromiso (del Gobierno) fue que si se descend\u00eda a un  d\u00edgito de desocupaci\u00f3n, esta doble indemnizaci\u00f3n iba a ir  desapareciendo&#8221;.<\/p>\n<p>* Buenos Aires, 1 agosto (NA) &#8212; La posibilidad de  aplicar un impuesto a los plazos fijos, acciones y bonos, entre otros, desat\u00f3  una pol\u00e9mica entre especialistas y legisladores, los cuales admitieron que un  proyecto de esa magnitud requerir\u00eda un &#8220;amplio debate&#8221; para su aprobaci\u00f3n en el  Congreso. <br \/>Las versiones indican que sectores del Gobierno estudian una  reforma m\u00e1s amplia del impuesto a las Ganancias, eliminando las exenciones que  benefician a las rentas provenientes de los activos financieros, lo cual abri\u00f3  un debate. <br \/>De esta manera, quedar\u00edan gravadas todas las ganancias producidas  a partir de operaciones con t\u00edtulos, plazos fijos o acciones, que le permitir\u00edan  obtener una recaudaci\u00f3n tributaria de entre 2.500 y 3.500 millones de pesos  adicionales al a\u00f1o. <br \/>Para el titular de la Comisi\u00f3n de Finanzas de la C\u00e1mara  de Diputados, An\u00edbal Stella, &#8220;es un tema que requerir\u00e1 un amplio debate y no  creo que pueda ser analizado en esta etapa en el Congreso&#8221;. <br \/>En declaraciones  a la agencia NA, revel\u00f3 que en la comisi\u00f3n &#8220;no tenemos conocimiento, ni ninguna  informaci\u00f3n oficial o extraoficial, de que el Gobierno est\u00e9 analizando el tema&#8221;.  <br \/>Sin embargo, consider\u00f3 que no es conveniente aplicar &#8220;un impuesto aislado,  sino dentro de un contexto de una legislaci\u00f3n&#8221; y record\u00f3 que &#8220;ya tenemos un  imposici\u00f3n en el sistema financiero, a los d\u00e9bitos y cr\u00e9ditos bancarios que est\u00e1  generando muchos recursos al Estado&#8221;. <br \/>El legislador, del bloque Peronista  Federal, opin\u00f3 que &#8220;deber\u00eda ser parte de un debate y de una reforma tributaria  amplia, pero todav\u00eda no hay en estudio nada&#8221;. <br \/>&#8220;En alg\u00fan momento se empez\u00f3 a  analizar pero por el momento no hay nada en el \u00e1mbito de la comisi\u00f3n&#8221;, consider\u00f3  el legislador. <br \/>Por su parte, el diputado Oscar Lamberto sostuvo que &#8220;esta es  una vieja discusi\u00f3n, pero en definitiva gravar los bonos y dem\u00e1s operaciones,  cuando hay un Estado que tambi\u00e9n toma t\u00edtulos, normalmente lo que ocurre es que  el pa\u00eds va a pagar una tasa m\u00e1s cara para compensar el impuesto&#8221;.<\/div>\n<\/p><\/div>\n","protected":false},"excerpt":{"rendered":"<div><span style=\"color: #3366ff;\">El Presidente considera &#8220;extinguida&#8221; la doble indemnizaci\u00f3n  pero sus funcionarios, no; y hubo rumores de un nuevo impuesto a las  inversiones.<\/span><\/div>\n<div><\/div>\n<div>\n<div>* Buenos Aires, 2 agosto (NA) &#8212; La posibilidad de que la  doble indemnizaci\u00f3n quede sin efecto apenas la desocupaci\u00f3n baje a un d\u00edgito  gener\u00f3 discrepancias entre el Gobierno y representantes empresarios y  sindicales, y a eso se sum\u00f3 la duda sobre si hay que incluir o no los planes  sociales en la estad\u00edstica.<\/p>\n","protected":false},"author":1,"featured_media":73547,"comment_status":"closed","ping_status":"open","sticky":false,"template":"","format":"standard","meta":{"footnotes":""},"categories":[3],"tags":[],"class_list":["post-72117","post","type-post","status-publish","format-standard","has-post-thumbnail","hentry","category-ultimas-noticias"],"_links":{"self":[{"href":"https:\/\/ic.tecnopc.com.ar\/index.php\/wp-json\/wp\/v2\/posts\/72117","targetHints":{"allow":["GET"]}}],"collection":[{"href":"https:\/\/ic.tecnopc.com.ar\/index.php\/wp-json\/wp\/v2\/posts"}],"about":[{"href":"https:\/\/ic.tecnopc.com.ar\/index.php\/wp-json\/wp\/v2\/types\/post"}],"author":[{"embeddable":true,"href":"https:\/\/ic.tecnopc.com.ar\/index.php\/wp-json\/wp\/v2\/users\/1"}],"replies":[{"embeddable":true,"href":"https:\/\/ic.tecnopc.com.ar\/index.php\/wp-json\/wp\/v2\/comments?post=72117"}],"version-history":[{"count":0,"href":"https:\/\/ic.tecnopc.com.ar\/index.php\/wp-json\/wp\/v2\/posts\/72117\/revisions"}],"wp:featuredmedia":[{"embeddable":true,"href":"https:\/\/ic.tecnopc.com.ar\/index.php\/wp-json\/"}],"wp:attachment":[{"href":"https:\/\/ic.tecnopc.com.ar\/index.php\/wp-json\/wp\/v2\/media?parent=72117"}],"wp:term":[{"taxonomy":"category","embeddable":true,"href":"https:\/\/ic.tecnopc.com.ar\/index.php\/wp-json\/wp\/v2\/categories?post=72117"},{"taxonomy":"post_tag","embeddable":true,"href":"https:\/\/ic.tecnopc.com.ar\/index.php\/wp-json\/wp\/v2\/tags?post=72117"}],"curies":[{"name":"wp","href":"https:\/\/api.w.org\/{rel}","templated":true}]}}