{"id":72123,"date":"2007-08-21T03:00:00","date_gmt":"2007-08-21T06:00:00","guid":{"rendered":"http:\/\/martineziuliano.com.ar\/web\/fin-oficial-de-la-doble-indemnizacion\/"},"modified":"2007-08-21T03:00:00","modified_gmt":"2007-08-21T06:00:00","slug":"fin-oficial-de-la-doble-indemnizacion","status":"publish","type":"post","link":"https:\/\/ic.tecnopc.com.ar\/index.php\/2007\/08\/21\/fin-oficial-de-la-doble-indemnizacion\/","title":{"rendered":"FIN OFICIAL DE LA DOBLE INDEMNIZACI\u00d3N?"},"content":{"rendered":"<div><span style=\"color: #3366ff;\">Difunden esta semana el desempleo que estar\u00eda por debajo de  los dos d\u00edgitos<\/span><\/div>\n<div><\/div>\n<div>\n<div>Buenos Aires, 19 agosto (NA) &#8212; El Gobierno difundir\u00e1 el  mi\u00e9rcoles pr\u00f3ximo el \u00edndice de desempleo correspondiente al segundo trimestre  del a\u00f1o, que se ubicar\u00eda por debajo de los dos d\u00edgitos y de esa manera quedar\u00eda  sin efecto el pago de la doble indemnizaci\u00f3n para los despidos. De acuerdo  con las estimaciones previas, el \u00edndice de desocupaci\u00f3n se encontrar\u00eda en 8,5  por ciento, como ya lo adelant\u00f3 la semana pasada el presidente N\u00e9stor Kirchner.  <br \/>Sin embargo, desde el Gobierno se insiste en aclarar que este n\u00famero  incluir\u00eda como trabajadores a quienes reciben planes sociales, ya que de lo  contrar\u00eda la cifra llegar\u00eda al 9,8 por ciento. <br \/>De confirmarse la cifra, el  desempleo se ubicar\u00eda casi dos puntos por debajo del registro del \u00faltimo  trimestre de 2006 de 10,4 por ciento. <br \/>De cualquier manera, quedar\u00eda  totalmente allanado el camino para que el gobierno elimine la doble  indemnizaci\u00f3n por despido sin causa, que fue impuesta durante la crisis del 2001  y que rige para los empleos creados antes de 2002. <br \/>En este sentido, el  ministro de Trabajo, Carlos Tomada, dio algunas se\u00f1ales en los \u00faltimos d\u00edas en  cuanto a que podr\u00eda quedar sin efecto la doble indemnizaci\u00f3n, un reclamo  permanente del sector empresario.<\/div>\n<\/p><\/div>\n","protected":false},"excerpt":{"rendered":"<div><span style=\"color: #3366ff;\">Difunden esta semana el desempleo que estar\u00eda por debajo de  los dos d\u00edgitos<\/span><\/div>\n<div><\/div>\n<div>\n<div>Buenos Aires, 19 agosto (NA) &#8212; El Gobierno difundir\u00e1 el  mi\u00e9rcoles pr\u00f3ximo el \u00edndice de desempleo correspondiente al segundo trimestre  del a\u00f1o, que se ubicar\u00eda por debajo de los dos d\u00edgitos y de esa manera quedar\u00eda  sin efecto el pago de la doble indemnizaci\u00f3n para los despidos.<\/p>\n","protected":false},"author":1,"featured_media":73547,"comment_status":"closed","ping_status":"open","sticky":false,"template":"","format":"standard","meta":{"footnotes":""},"categories":[3],"tags":[],"class_list":["post-72123","post","type-post","status-publish","format-standard","has-post-thumbnail","hentry","category-ultimas-noticias"],"_links":{"self":[{"href":"https:\/\/ic.tecnopc.com.ar\/index.php\/wp-json\/wp\/v2\/posts\/72123","targetHints":{"allow":["GET"]}}],"collection":[{"href":"https:\/\/ic.tecnopc.com.ar\/index.php\/wp-json\/wp\/v2\/posts"}],"about":[{"href":"https:\/\/ic.tecnopc.com.ar\/index.php\/wp-json\/wp\/v2\/types\/post"}],"author":[{"embeddable":true,"href":"https:\/\/ic.tecnopc.com.ar\/index.php\/wp-json\/wp\/v2\/users\/1"}],"replies":[{"embeddable":true,"href":"https:\/\/ic.tecnopc.com.ar\/index.php\/wp-json\/wp\/v2\/comments?post=72123"}],"version-history":[{"count":0,"href":"https:\/\/ic.tecnopc.com.ar\/index.php\/wp-json\/wp\/v2\/posts\/72123\/revisions"}],"wp:featuredmedia":[{"embeddable":true,"href":"https:\/\/ic.tecnopc.com.ar\/index.php\/wp-json\/"}],"wp:attachment":[{"href":"https:\/\/ic.tecnopc.com.ar\/index.php\/wp-json\/wp\/v2\/media?parent=72123"}],"wp:term":[{"taxonomy":"category","embeddable":true,"href":"https:\/\/ic.tecnopc.com.ar\/index.php\/wp-json\/wp\/v2\/categories?post=72123"},{"taxonomy":"post_tag","embeddable":true,"href":"https:\/\/ic.tecnopc.com.ar\/index.php\/wp-json\/wp\/v2\/tags?post=72123"}],"curies":[{"name":"wp","href":"https:\/\/api.w.org\/{rel}","templated":true}]}}