{"id":72126,"date":"2007-08-27T03:00:00","date_gmt":"2007-08-27T06:00:00","guid":{"rendered":"http:\/\/martineziuliano.com.ar\/web\/doble-indemnizacion-doble-mensaje\/"},"modified":"2007-08-27T03:00:00","modified_gmt":"2007-08-27T06:00:00","slug":"doble-indemnizacion-doble-mensaje","status":"publish","type":"post","link":"https:\/\/ic.tecnopc.com.ar\/index.php\/2007\/08\/27\/doble-indemnizacion-doble-mensaje\/","title":{"rendered":"DOBLE INDEMNIZACI\u00d3N: DOBLE MENSAJE"},"content":{"rendered":"<div><span style=\"color: #3366ff;\">La eliminaci\u00f3n de la doble indemnizaci\u00f3n genera controversias  en el Gobierno<\/span><\/div>\n<div><\/div>\n<div>\n<div>Buenos Aires, 24 agosto (NA) &#8212; El decreto que estableci\u00f3 la  llamada doble indemnizaci\u00f3n para despidos sin causa sigue generando  controversias, incluso dentro del oficialismo, ya que mientras para algunos la  eliminaci\u00f3n debe ser autom\u00e1tica una vez que el desempleo baja a un d\u00edgito, para  otros se debe convalidar con una resoluci\u00f3n oficial. <br \/>Es que el art\u00edculo  tercero del decreto 823\/04 dispuso que cuando se estableciera en un d\u00edgito la  desocupaci\u00f3n la denominada doble indemnizaci\u00f3n tendr\u00eda que ser eliminada, y en  esta cl\u00e1usula se bas\u00f3 hoy el jefe de Gabinete, Alberto Fern\u00e1ndez, para afirmar  que ese sistema &#8220;ya no tiene raz\u00f3n de ser&#8221;. El desempleo del segundo  trimestre cay\u00f3 al 9,8 por ciento, a\u00fan contando como desempleados a quienes  cobran planes para jefes y jefas de hogar, por lo que esa condici\u00f3n ya se  cumpli\u00f3. <br \/>Sin embargo, el art\u00edculo cuarto establece que &#8220;para que caiga el  sistema el Ministerio de Trabajo tiene que emitir un decreto o una resoluci\u00f3n  para hacer operativa la condici\u00f3n resolutoria&#8221;, explic\u00f3 el presidente de la  Comisi\u00f3n del Trabajo de la C\u00e1mara de Diputados, H\u00e9ctor Recalde, en di\u00e1logo con  la agencia NA. <br \/>Se entiende por condici\u00f3n resolutoria cuando dada una  cl\u00e1usula se cumple la otra, es decir que como el desempleo baj\u00f3 al d\u00edgito  (motivo por el cual se estableci\u00f3 la indemnizaci\u00f3n especial) al eliminarse la  causa se debe derogar esa determinaci\u00f3n. <br \/>Sin embargo, Recalde ratific\u00f3 que  &#8220;se necesita un decreto que establezca efectivamente que se ha dado la causa por  la cual la consecuencia desaparece&#8221;. <br \/>Adem\u00e1s, aclar\u00f3 que &#8220;ante cualquier duda  que pueda generar el texto de alguna resoluci\u00f3n, siempre se debe fallar a favor  del trabajador, por lo cual el Ministerio de Trabajo deber\u00e1 convalidar la  eliminaci\u00f3n de la doble indemnizaci\u00f3n&#8221;. <br \/>No obstante, para el jefe de  Gabinete &#8220;la norma est\u00e1 clara y no hay mucho m\u00e1s que decir&#8221;. <br \/>&#8220;Pod\u00eda entender  que existieran dudas cuando hubiese \u00edndices de un d\u00edgito por un lado y de dos  por otro, es decir, con planes sociales o no. Pero ahora, no s\u00e9 por qu\u00e9 insisten  en tener una norma aclaratoria. La doble indemnizaci\u00f3n ya no tiene raz\u00f3n de  ser&#8221;, enfatiz\u00f3 el funcionario, en declaraciones radiales. <br \/>El Gobierno hab\u00eda  prometido que la doble indemnizaci\u00f3n por despido injustificado, vigente desde  que Eduardo Duhalde era Presidente de la Naci\u00f3n, quedar\u00eda sin efecto cuando el  nivel de desempleo no sobrepasara el d\u00edgito. <br \/>Esta semana se conoci\u00f3 que el  desempleo del segundo trimestre del a\u00f1o se ubic\u00f3 en el 8,5 por ciento sin  incluir los planes sociales, y un punto m\u00e1s arriba si se los toma en cuenta.  <br \/>Aunque le qued\u00f3 el nombre de doble indemnizaci\u00f3n, en rigor, los empleadores  deben pagar el 150 por ciento en concepto de despido a todos los trabajadores  bajo relaci\u00f3n de dependencia, contratados hasta el 31 de diciembre de 2002, que  sean desvinculados de su puestos. <br \/>Este cargo, que originalmente era de 200  por ciento, y que fue reducido a 150 por ciento, ten\u00eda como objetivo desalentar  los despidos de los trabajadores que ingresaron a sus empleos antes del primero  de enero de 2003. <br \/>El ministro de Trabajo, Carlos Tomada, tendr\u00eda ya  elaborado el proyecto de decreto para convalidar la eliminaci\u00f3n de esta  indemnizaci\u00f3n especial.<\/div>\n<\/p><\/div>\n","protected":false},"excerpt":{"rendered":"<div><span style=\"color: #3366ff;\">La eliminaci\u00f3n de la doble indemnizaci\u00f3n genera controversias  en el Gobierno<\/span><\/div>\n<div><\/div>\n<div>\n<div>Buenos Aires, 24 agosto (NA) &#8212; El decreto que estableci\u00f3 la  llamada doble indemnizaci\u00f3n para despidos sin causa sigue generando  controversias, incluso dentro del oficialismo, ya que mientras para algunos la  eliminaci\u00f3n debe ser autom\u00e1tica una vez que el desempleo baja a un d\u00edgito, para  otros se debe convalidar con una resoluci\u00f3n oficial. <br \/>Es que el art\u00edculo  tercero del decreto 823\/04 dispuso que cuando se estableciera en un d\u00edgito la  desocupaci\u00f3n la denominada doble indemnizaci\u00f3n tendr\u00eda que ser eliminada, y en  esta cl\u00e1usula se bas\u00f3 hoy el jefe de Gabinete, Alberto Fern\u00e1ndez, para afirmar  que ese sistema &#8220;ya no tiene raz\u00f3n de ser&#8221;.<\/p>\n","protected":false},"author":1,"featured_media":73547,"comment_status":"closed","ping_status":"open","sticky":false,"template":"","format":"standard","meta":{"footnotes":""},"categories":[3],"tags":[],"class_list":["post-72126","post","type-post","status-publish","format-standard","has-post-thumbnail","hentry","category-ultimas-noticias"],"_links":{"self":[{"href":"https:\/\/ic.tecnopc.com.ar\/index.php\/wp-json\/wp\/v2\/posts\/72126","targetHints":{"allow":["GET"]}}],"collection":[{"href":"https:\/\/ic.tecnopc.com.ar\/index.php\/wp-json\/wp\/v2\/posts"}],"about":[{"href":"https:\/\/ic.tecnopc.com.ar\/index.php\/wp-json\/wp\/v2\/types\/post"}],"author":[{"embeddable":true,"href":"https:\/\/ic.tecnopc.com.ar\/index.php\/wp-json\/wp\/v2\/users\/1"}],"replies":[{"embeddable":true,"href":"https:\/\/ic.tecnopc.com.ar\/index.php\/wp-json\/wp\/v2\/comments?post=72126"}],"version-history":[{"count":0,"href":"https:\/\/ic.tecnopc.com.ar\/index.php\/wp-json\/wp\/v2\/posts\/72126\/revisions"}],"wp:featuredmedia":[{"embeddable":true,"href":"https:\/\/ic.tecnopc.com.ar\/index.php\/wp-json\/"}],"wp:attachment":[{"href":"https:\/\/ic.tecnopc.com.ar\/index.php\/wp-json\/wp\/v2\/media?parent=72126"}],"wp:term":[{"taxonomy":"category","embeddable":true,"href":"https:\/\/ic.tecnopc.com.ar\/index.php\/wp-json\/wp\/v2\/categories?post=72126"},{"taxonomy":"post_tag","embeddable":true,"href":"https:\/\/ic.tecnopc.com.ar\/index.php\/wp-json\/wp\/v2\/tags?post=72126"}],"curies":[{"name":"wp","href":"https:\/\/api.w.org\/{rel}","templated":true}]}}