{"id":72130,"date":"2007-08-30T03:00:00","date_gmt":"2007-08-30T06:00:00","guid":{"rendered":"http:\/\/martineziuliano.com.ar\/web\/doble-indemnizacion-sin-definicion-oficial\/"},"modified":"2007-08-30T03:00:00","modified_gmt":"2007-08-30T06:00:00","slug":"doble-indemnizacion-sin-definicion-oficial","status":"publish","type":"post","link":"https:\/\/ic.tecnopc.com.ar\/index.php\/2007\/08\/30\/doble-indemnizacion-sin-definicion-oficial\/","title":{"rendered":"DOBLE INDEMNIZACI\u00d3N: SIN DEFINICI\u00d3N OFICIAL"},"content":{"rendered":"<div><span style=\"color: #3366ff;\">Tomada dijo que el Gobierno emitir\u00e1 &#8220;en el momento oportuno&#8221;  una resoluci\u00f3n para dejar sin efecto la doble indemnizaci\u00f3n<\/span><\/div>\n<div><\/div>\n<div>\n<div>Buenos Aires, 30 agosto (NA) &#8212; El ministro de Trabajo,  Carlos Tomada, asegur\u00f3 hoy que el Gobierno deber\u00e1 emitir una resoluci\u00f3n  espec\u00edfica para dejar sin efecto la doble indemnizaci\u00f3n, aunque consider\u00f3 que  eso se har\u00e1 &#8220;en el momento oportuno&#8221;. De esta manera, Tomada dej\u00f3 en claro  que para que finalmente sea eliminada la doble indemnizaci\u00f3n deber\u00e1 dictarse un  decreto o una resoluci\u00f3n, m\u00e1s all\u00e1 de que el desempleo se encuentre en la  actualidad por debajo de los dos d\u00edgitos. <br \/>La manifestaci\u00f3n de Tomada  coincide con la postura de los gremios, pero se contrapone con la posici\u00f3n de  los sectores empresarios, quienes aseguran que el beneficio indemnizatorio ya  cay\u00f3. <br \/>Seg\u00fan la \u00faltima Encuesta Permanente de Hogares informada por el INDEC,  al segundo trimestre de este a\u00f1o, el desempleo se encuentra en el 8,5 por ciento  si se cuentan como trabajadores a los que cobran planes sociales, pero llega al  9,8 si no se los contabiliza. <br \/>De cualquier manera, el desempleo est\u00e1 por  debajo de los dos d\u00edgitos, uno de los presupuestos que establec\u00eda como condici\u00f3n  la normativa para quedar sin efecto. <br \/>Tras participar de un seminario en la  sede de la CGT, Tomada dijo que no existen &#8220;contradicciones&#8221; dentro del Gobierno  para dar por terminado este beneficio que favorece a los trabajadores  despedidos. <br \/>El sistema de doble indemnizaci\u00f3n fue puesto en marcha durante  el gobierno de Eduardo Duhalde en el peor momento de la crisis econ\u00f3mica y  elevados \u00edndices de desocupaci\u00f3n. <br \/>Sobre el decreto para eliminar este  beneficio que s\u00f3lo abarca a los trabajos creados antes de 2003, Tomada se\u00f1al\u00f3  que &#8220;cuando tengamos alguna novedad al respecto, la vamos a informar&#8221;. <br \/>&#8220;No  hay ninguna contradicci\u00f3n. Es una cuesti\u00f3n formal que se definir\u00e1  oportunamente&#8221;, consider\u00f3 el titular de la cartera laboral en declaraciones al  canal de noticias C5N. <br \/>Por otra parte, dijo que en la actualidad hay 400  inspectores dedicados a controlar el trabajo en negro, mientras que cuando  asumi\u00f3 s\u00f3lo hab\u00eda 22. <br \/>Se\u00f1al\u00f3 que si se suman estos inspectores a los que  tiene la Superintendencia de Riesgos de Trabajo llegan a mil. <br \/>Indic\u00f3 que  &#8220;cuando llegamos al gobierno el trabajo en negro era superior al 50 por ciento,  y no merec\u00eda la preocupaci\u00f3n de las pol\u00edticas p\u00fablicas&#8221;.<\/div>\n<\/p><\/div>\n","protected":false},"excerpt":{"rendered":"<div><span style=\"color: #3366ff;\">Tomada dijo que el Gobierno emitir\u00e1 &#8220;en el momento oportuno&#8221;  una resoluci\u00f3n para dejar sin efecto la doble indemnizaci\u00f3n<\/span><\/div>\n<div><\/div>\n<div>\n<div>Buenos Aires, 30 agosto (NA) &#8212; El ministro de Trabajo,  Carlos Tomada, asegur\u00f3 hoy que el Gobierno deber\u00e1 emitir una resoluci\u00f3n  espec\u00edfica para dejar sin efecto la doble indemnizaci\u00f3n, aunque consider\u00f3 que  eso se har\u00e1 &#8220;en el momento oportuno&#8221;.<\/p>\n","protected":false},"author":1,"featured_media":73547,"comment_status":"closed","ping_status":"open","sticky":false,"template":"","format":"standard","meta":{"footnotes":""},"categories":[3],"tags":[],"class_list":["post-72130","post","type-post","status-publish","format-standard","has-post-thumbnail","hentry","category-ultimas-noticias"],"_links":{"self":[{"href":"https:\/\/ic.tecnopc.com.ar\/index.php\/wp-json\/wp\/v2\/posts\/72130","targetHints":{"allow":["GET"]}}],"collection":[{"href":"https:\/\/ic.tecnopc.com.ar\/index.php\/wp-json\/wp\/v2\/posts"}],"about":[{"href":"https:\/\/ic.tecnopc.com.ar\/index.php\/wp-json\/wp\/v2\/types\/post"}],"author":[{"embeddable":true,"href":"https:\/\/ic.tecnopc.com.ar\/index.php\/wp-json\/wp\/v2\/users\/1"}],"replies":[{"embeddable":true,"href":"https:\/\/ic.tecnopc.com.ar\/index.php\/wp-json\/wp\/v2\/comments?post=72130"}],"version-history":[{"count":0,"href":"https:\/\/ic.tecnopc.com.ar\/index.php\/wp-json\/wp\/v2\/posts\/72130\/revisions"}],"wp:featuredmedia":[{"embeddable":true,"href":"https:\/\/ic.tecnopc.com.ar\/index.php\/wp-json\/"}],"wp:attachment":[{"href":"https:\/\/ic.tecnopc.com.ar\/index.php\/wp-json\/wp\/v2\/media?parent=72130"}],"wp:term":[{"taxonomy":"category","embeddable":true,"href":"https:\/\/ic.tecnopc.com.ar\/index.php\/wp-json\/wp\/v2\/categories?post=72130"},{"taxonomy":"post_tag","embeddable":true,"href":"https:\/\/ic.tecnopc.com.ar\/index.php\/wp-json\/wp\/v2\/tags?post=72130"}],"curies":[{"name":"wp","href":"https:\/\/api.w.org\/{rel}","templated":true}]}}