{"id":72133,"date":"2007-09-03T03:00:00","date_gmt":"2007-09-03T06:00:00","guid":{"rendered":"http:\/\/martineziuliano.com.ar\/web\/pymes-entre-realidad-y-promesas\/"},"modified":"2007-09-03T03:00:00","modified_gmt":"2007-09-03T06:00:00","slug":"pymes-entre-realidad-y-promesas","status":"publish","type":"post","link":"https:\/\/ic.tecnopc.com.ar\/pymes-entre-realidad-y-promesas\/","title":{"rendered":"PYMES: ENTRE REALIDAD Y PROMESAS"},"content":{"rendered":"<div><span style=\"color: #3366ff;\">Empresarios e industriales bonaerenses plantean quejas a  Nazer por suspensi\u00f3n de l\u00ednea de cr\u00e9ditos del BID, mientras Peirano y Scioli  anuncian priorizar cr\u00e9dito de largo aliento para pymes<\/span><\/div>\n<div><\/div>\n<div>\n<div>* Buenos Aires, 3 septiembre (NA) &#8212; Empresarios e  industriales de la provincia de Buenos Aires le plantearon a la secretaria de  Industria de la Naci\u00f3n, Leila Nazer, el &#8220;grave problema&#8221; que representa para las  Pymes la suspensi\u00f3n de una l\u00ednea de cr\u00e9ditos del Banco Interamericano de  Desarrollo (BID). As\u00ed lo plantearon el titular de la Federaci\u00f3n Econ\u00f3mica de  la provincia de Buenos Aires (FEBA), Ra\u00fal Lamacchia, y el presidente de la  Asociaci\u00f3n de Industriales bonaerenses (ADIBA), Juan Carlos Uboldi, acompa\u00f1ados  por una delegaci\u00f3n de dirigentes de ambas entidades. <br \/>Seg\u00fan los dirigentes,  la suspensi\u00f3n de una l\u00ednea de cr\u00e9ditos del BID no fue correctamente informada  por el Banco Central, lo que provoc\u00f3 que algunos empresarios ya tuvieran  comprometidas sus inversiones al momento de ser cortado el pr\u00e9stamo. <br \/>&#8220;Se  plante\u00f3 el grave problema que ha significado la suspensi\u00f3n de la respectiva  l\u00ednea por el BID y la incorrecta aplicaci\u00f3n de la Comunicaci\u00f3n &#8220;B&#8221; 9056 del  Banco Central, a partir de que hay empresarios que han comprometido inversiones  por la seguridad del otorgamiento del cr\u00e9dito y con los tr\u00e1mites cumplidos en  orden para ser entregados los fondos, le comunican la suspensi\u00f3n cuando ello no  les alcanzar\u00eda por haber iniciado la solicitud antes del 13\/08\/07&#8243;, explic\u00f3 FEBA  a trav\u00e9s de un comunicado. <br \/>Ante esta situaci\u00f3n, la entidad remarc\u00f3 que Nazer  les inform\u00f3 que &#8220;est\u00e1n cuantificando los casos de esta naturaleza para darle una  soluci\u00f3n adecuada, entendiendo que el reclamo es razonable, pero no habi\u00e9ndose  previsto que en cuatro meses se iba a agotar la partida por lo exitoso de la  l\u00ednea creada por el BID&#8221;. <br \/>&#8220;Ello da el sustento para la negociaci\u00f3n que se  est\u00e1 llevando a cabo con el BID para, adem\u00e1s de dar una soluci\u00f3n a lo anterior,  se otorgue una nueva partida para darle continuidad operativa a esta l\u00ednea&#8221;,  se\u00f1al\u00f3 el titular de FEBA. <br \/>Lamacchia se mostr\u00f3 &#8220;optimistas en los  resultados&#8221;, dado que consider\u00f3 que &#8220;al BID le interesa continuar con un  Programa exitoso como este&#8221;. <br \/>En la reuni\u00f3n con la secretaria de Industria,  tambi\u00e9n se trat\u00f3 la Ley de Talles de aplicaci\u00f3n exclusiva en la provincia, y los  dirigentes solicitaron que &#8220;se nacionalice&#8221;. <br \/>&#8220;Es necesario unificar  criterios para todo el pa\u00eds a trav\u00e9s de una normativa nacional, a la que  posteriormente adhieran las provincias, d\u00e1ndole prioridad a la normalizaci\u00f3n de  los talles, con normas elaboradas por el IRAM para todo el territorio nacional,  con mayor libertad para fabricantes textiles y comerciantes del rubro&#8221;, sostuvo  el dirigente. <br \/>En este punto, acordaron &#8220;trabajar en conjunto para analizar&#8221;  la propuesta e &#8220;impulsar una soluci\u00f3n nacional, interesando a CAME y la UIA para  que acompa\u00f1en esta l\u00ednea de trabajo&#8221;. <br \/>Por otra parte, los dirigentes  manifestaron su &#8220;apoyo a toda medida que vaya encaminada a defender la industria  nacional&#8221;, pero le solicitaron &#8220;precisiones&#8221; sobre las restricciones a las  importaciones chinas anunciadas por el Gobierno. <br \/>En el encuentro, los  dirigentes tambi\u00e9n le manifestaron a Nazer la &#8220;importancia de sancionar con  urgencia la Ley de desgravaci\u00f3n a las Pymes para inversi\u00f3n en bienes de capital  con media sanci\u00f3n de Diputados y que est\u00e1 en el Senado desde hace m\u00e1s de un  a\u00f1o&#8221;. <br \/>Asimismo, le solicitaron &#8220;una Ley Pyme que contemple lo laboral,  financiero e impositivo con caracter\u00edsticas diferenciales a las grandes  empresas&#8221; y le manifestaron su &#8220;preocupaci\u00f3n por los proyectos de leyes  laborales perjudiciales para las empresas, que est\u00e1n en tratamiento en la C\u00e1mara  de Diputados&#8221;.<\/p>\n<p>* Buenos Aires, 3 sept. (NA) &#8212; El ministro de Econom\u00eda,  Miguel Peirano, garantiz\u00f3 hoy que el gobierno busca &#8220;priorizar&#8221; el desarrollo de  las peque\u00f1as y medianas empresas, y destac\u00f3 que &#8220;el desaf\u00edo es seguir logrando  financiamiento a largo plazo para el sector&#8221;. <br \/>El funcionario formul\u00f3 estas  declaraciones en el marco de la celebraci\u00f3n del D\u00eda de la Industria, organizado  por la Confederaci\u00f3n Argentina de la Mediana Empresa (CAME), en el predio del  INTI en el partido bonaerense de San Mart\u00edn, en el cual tambi\u00e9n particip\u00f3 el  vicepresidente Daniel Scioli. <br \/>Peirano expres\u00f3 que las medidas de gobierno  son tomadas &#8220;bajo la l\u00f3gica del desarrollo&#8221; y dijo que &#8220;todav\u00eda tenemos fresco  cuando desde la ortodoxia dec\u00edan que la industria no era viable en la Argentina:  esto era una excusa para aplicar pol\u00edticas injustas&#8221;. <br \/>El titular del Palacio  de Hacienda particip\u00f3 de un asado al que asisti\u00f3 medio millar de empresarios  PYMES, que tambi\u00e9n cont\u00f3 con la presencia de la secretaria de Industria, Leila  Nazer. <br \/>Peirano dijo que estos \u00faltimos a\u00f1os -en el marco del crecimiento  econ\u00f3mico- &#8220;se ha dado la consolidaci\u00f3n del mercado interno y las exportaciones&#8221;  y mencion\u00f3 que &#8220;las PYMES han demostrado capacidad para enfrentar pol\u00edticas  adversas&#8221;. <br \/>&#8220;Esta misma capacidad -dijo el funcionario- es la que muestran  ahora para aprovechar la pol\u00edtica del gobierno que permite adem\u00e1s regularizar a  los trabajadores argentinos&#8221;. <br \/>Scioli, por su parte, afirm\u00f3 que la Argentina  tiene &#8220;la necesidad de perseverar en este camino&#8221; de desarrollo econ\u00f3mico y  consider\u00f3 que con el modelo propuesto por el kirchnerismo &#8220;se abren grandes  oportunidades para los industriales&#8221;. <br \/>El titular de la CAME, Osvaldo  Cornide, se\u00f1al\u00f3 que el sector &#8220;ha sabido invertir sin financiamiento, sin tener  cr\u00e9dito y sin una ley de accidentes de trabajo&#8221;. <br \/>El dirigente expres\u00f3,  adem\u00e1s, que la Argentina puede enfrentar con &#8220;\u00e9xito&#8221; su desarrollo econ\u00f3mico &#8220;si  su estructura productiva se mantiene independiente de los factores externos&#8221;.  <br \/>En tanto, el ministro de Econom\u00eda puntualiz\u00f3 que la administraci\u00f3n de N\u00e9stor  Kirchner define su pol\u00edtica &#8220;bajo la l\u00f3gica del desarrollo&#8221; y consign\u00f3 que tal  situaci\u00f3n se da en un marco de &#8220;autonom\u00eda nacional&#8221;. <br \/>Para Peirano, &#8220;el  desaf\u00edo del gobierno implica seguir restituyendo el financiamiento a largo  plazo, y all\u00ed el gobierno tiene vocaci\u00f3n productiva&#8221;.<\/div>\n<\/p><\/div>\n","protected":false},"excerpt":{"rendered":"<div><span style=\"color: #3366ff;\">Empresarios e industriales bonaerenses plantean quejas a  Nazer por suspensi\u00f3n de l\u00ednea de cr\u00e9ditos del BID, mientras Peirano y Scioli  anuncian priorizar cr\u00e9dito de largo aliento para pymes<\/span><\/div>\n<div><\/div>\n<div>\n<div>* Buenos Aires, 3 septiembre (NA) &#8212; Empresarios e  industriales de la provincia de Buenos Aires le plantearon a la secretaria de  Industria de la Naci\u00f3n, Leila Nazer, el &#8220;grave problema&#8221; que representa para las  Pymes la suspensi\u00f3n de una l\u00ednea de cr\u00e9ditos del Banco Interamericano de  Desarrollo (BID).<\/p>\n","protected":false},"author":1,"featured_media":73547,"comment_status":"closed","ping_status":"open","sticky":false,"template":"","format":"standard","meta":{"site-sidebar-layout":"default","site-content-layout":"","ast-site-content-layout":"default","site-content-style":"default","site-sidebar-style":"default","ast-global-header-display":"","ast-banner-title-visibility":"","ast-main-header-display":"","ast-hfb-above-header-display":"","ast-hfb-below-header-display":"","ast-hfb-mobile-header-display":"","site-post-title":"","ast-breadcrumbs-content":"","ast-featured-img":"","footer-sml-layout":"","ast-disable-related-posts":"","theme-transparent-header-meta":"","adv-header-id-meta":"","stick-header-meta":"","header-above-stick-meta":"","header-main-stick-meta":"","header-below-stick-meta":"","astra-migrate-meta-layouts":"default","ast-page-background-enabled":"default","ast-page-background-meta":{"desktop":{"background-color":"","background-image":"","background-repeat":"repeat","background-position":"center center","background-size":"auto","background-attachment":"scroll","background-type":"","background-media":"","overlay-type":"","overlay-color":"","overlay-opacity":"","overlay-gradient":""},"tablet":{"background-color":"","background-image":"","background-repeat":"repeat","background-position":"center center","background-size":"auto","background-attachment":"scroll","background-type":"","background-media":"","overlay-type":"","overlay-color":"","overlay-opacity":"","overlay-gradient":""},"mobile":{"background-color":"","background-image":"","background-repeat":"repeat","background-position":"center center","background-size":"auto","background-attachment":"scroll","background-type":"","background-media":"","overlay-type":"","overlay-color":"","overlay-opacity":"","overlay-gradient":""}},"ast-content-background-meta":{"desktop":{"background-color":"var(--ast-global-color-5)","background-image":"","background-repeat":"repeat","background-position":"center center","background-size":"auto","background-attachment":"scroll","background-type":"","background-media":"","overlay-type":"","overlay-color":"","overlay-opacity":"","overlay-gradient":""},"tablet":{"background-color":"var(--ast-global-color-5)","background-image":"","background-repeat":"repeat","background-position":"center center","background-size":"auto","background-attachment":"scroll","background-type":"","background-media":"","overlay-type":"","overlay-color":"","overlay-opacity":"","overlay-gradient":""},"mobile":{"background-color":"var(--ast-global-color-5)","background-image":"","background-repeat":"repeat","background-position":"center center","background-size":"auto","background-attachment":"scroll","background-type":"","background-media":"","overlay-type":"","overlay-color":"","overlay-opacity":"","overlay-gradient":""}},"footnotes":""},"categories":[3],"tags":[],"class_list":["post-72133","post","type-post","status-publish","format-standard","has-post-thumbnail","hentry","category-ultimas-noticias"],"_links":{"self":[{"href":"https:\/\/ic.tecnopc.com.ar\/wp-json\/wp\/v2\/posts\/72133","targetHints":{"allow":["GET"]}}],"collection":[{"href":"https:\/\/ic.tecnopc.com.ar\/wp-json\/wp\/v2\/posts"}],"about":[{"href":"https:\/\/ic.tecnopc.com.ar\/wp-json\/wp\/v2\/types\/post"}],"author":[{"embeddable":true,"href":"https:\/\/ic.tecnopc.com.ar\/wp-json\/wp\/v2\/users\/1"}],"replies":[{"embeddable":true,"href":"https:\/\/ic.tecnopc.com.ar\/wp-json\/wp\/v2\/comments?post=72133"}],"version-history":[{"count":0,"href":"https:\/\/ic.tecnopc.com.ar\/wp-json\/wp\/v2\/posts\/72133\/revisions"}],"wp:featuredmedia":[{"embeddable":true,"href":"https:\/\/ic.tecnopc.com.ar\/wp-json\/"}],"wp:attachment":[{"href":"https:\/\/ic.tecnopc.com.ar\/wp-json\/wp\/v2\/media?parent=72133"}],"wp:term":[{"taxonomy":"category","embeddable":true,"href":"https:\/\/ic.tecnopc.com.ar\/wp-json\/wp\/v2\/categories?post=72133"},{"taxonomy":"post_tag","embeddable":true,"href":"https:\/\/ic.tecnopc.com.ar\/wp-json\/wp\/v2\/tags?post=72133"}],"curies":[{"name":"wp","href":"https:\/\/api.w.org\/{rel}","templated":true}]}}