{"id":72134,"date":"2007-09-10T03:00:00","date_gmt":"2007-09-10T06:00:00","guid":{"rendered":"http:\/\/martineziuliano.com.ar\/web\/importante-fin-de-la-doble-indemnizacion\/"},"modified":"2007-09-10T03:00:00","modified_gmt":"2007-09-10T06:00:00","slug":"importante-fin-de-la-doble-indemnizacion","status":"publish","type":"post","link":"https:\/\/ic.tecnopc.com.ar\/importante-fin-de-la-doble-indemnizacion\/","title":{"rendered":"IMPORTANTE: FIN DE LA DOBLE INDEMNIZACI\u00d3N"},"content":{"rendered":"<div><span style=\"color: #3366ff;\">Tomada justific\u00f3 el fin de la doble indemnizaci\u00f3n porque la  desocupaci\u00f3n baj\u00f3 a un d\u00edgito en todos los \u00edndices<\/span><\/div>\n<div><\/div>\n<div>\n<div>Buenos Aires, 10 septiembre (NA) &#8212; El ministro de Trabajo,  Carlos Tomada, destac\u00f3 hoy que el presidente N\u00e9stor Kirchner firm\u00f3 el decreto  que dio por finalizada la doble indemnizaci\u00f3n porque &#8220;se logr\u00f3 bajar la  desocupaci\u00f3n por debajo de un d\u00edgito en todos los \u00edndices&#8221;. &#8220;El Presidente  firm\u00f3 el decreto 1224 con relaci\u00f3n al plus indemnizatorio como consecuencia de  una mejora laboral. Estamos dando cumplimiento a una norma legal y es lo que  corresponde&#8221;, afirm\u00f3 Tomada en conferencia de prensa en Casa de  Gobierno.<br \/>\u201cCumplida la condici\u00f3n pedida por la Ley, el Gobierno espera que  los empresarios cumplan con la parte que les corresponde&#8221;, indic\u00f3 Tomada, tras  negar la posibilidad de que se d\u00e9 un escenario de despidos masivos.<\/div>\n<\/p><\/div>\n","protected":false},"excerpt":{"rendered":"<div><span style=\"color: #3366ff;\">Tomada justific\u00f3 el fin de la doble indemnizaci\u00f3n porque la  desocupaci\u00f3n baj\u00f3 a un d\u00edgito en todos los \u00edndices<\/span><\/div>\n<div><\/div>\n<div>\n<div>Buenos Aires, 10 septiembre (NA) &#8212; El ministro de Trabajo,  Carlos Tomada, destac\u00f3 hoy que el presidente N\u00e9stor Kirchner firm\u00f3 el decreto  que dio por finalizada la doble indemnizaci\u00f3n porque &#8220;se logr\u00f3 bajar la  desocupaci\u00f3n por debajo de un d\u00edgito en todos los \u00edndices&#8221;.<\/p>\n","protected":false},"author":1,"featured_media":73547,"comment_status":"closed","ping_status":"open","sticky":false,"template":"","format":"standard","meta":{"site-sidebar-layout":"default","site-content-layout":"","ast-site-content-layout":"default","site-content-style":"default","site-sidebar-style":"default","ast-global-header-display":"","ast-banner-title-visibility":"","ast-main-header-display":"","ast-hfb-above-header-display":"","ast-hfb-below-header-display":"","ast-hfb-mobile-header-display":"","site-post-title":"","ast-breadcrumbs-content":"","ast-featured-img":"","footer-sml-layout":"","ast-disable-related-posts":"","theme-transparent-header-meta":"","adv-header-id-meta":"","stick-header-meta":"","header-above-stick-meta":"","header-main-stick-meta":"","header-below-stick-meta":"","astra-migrate-meta-layouts":"default","ast-page-background-enabled":"default","ast-page-background-meta":{"desktop":{"background-color":"","background-image":"","background-repeat":"repeat","background-position":"center center","background-size":"auto","background-attachment":"scroll","background-type":"","background-media":"","overlay-type":"","overlay-color":"","overlay-opacity":"","overlay-gradient":""},"tablet":{"background-color":"","background-image":"","background-repeat":"repeat","background-position":"center center","background-size":"auto","background-attachment":"scroll","background-type":"","background-media":"","overlay-type":"","overlay-color":"","overlay-opacity":"","overlay-gradient":""},"mobile":{"background-color":"","background-image":"","background-repeat":"repeat","background-position":"center center","background-size":"auto","background-attachment":"scroll","background-type":"","background-media":"","overlay-type":"","overlay-color":"","overlay-opacity":"","overlay-gradient":""}},"ast-content-background-meta":{"desktop":{"background-color":"var(--ast-global-color-5)","background-image":"","background-repeat":"repeat","background-position":"center center","background-size":"auto","background-attachment":"scroll","background-type":"","background-media":"","overlay-type":"","overlay-color":"","overlay-opacity":"","overlay-gradient":""},"tablet":{"background-color":"var(--ast-global-color-5)","background-image":"","background-repeat":"repeat","background-position":"center center","background-size":"auto","background-attachment":"scroll","background-type":"","background-media":"","overlay-type":"","overlay-color":"","overlay-opacity":"","overlay-gradient":""},"mobile":{"background-color":"var(--ast-global-color-5)","background-image":"","background-repeat":"repeat","background-position":"center center","background-size":"auto","background-attachment":"scroll","background-type":"","background-media":"","overlay-type":"","overlay-color":"","overlay-opacity":"","overlay-gradient":""}},"footnotes":""},"categories":[3],"tags":[],"class_list":["post-72134","post","type-post","status-publish","format-standard","has-post-thumbnail","hentry","category-ultimas-noticias"],"_links":{"self":[{"href":"https:\/\/ic.tecnopc.com.ar\/wp-json\/wp\/v2\/posts\/72134","targetHints":{"allow":["GET"]}}],"collection":[{"href":"https:\/\/ic.tecnopc.com.ar\/wp-json\/wp\/v2\/posts"}],"about":[{"href":"https:\/\/ic.tecnopc.com.ar\/wp-json\/wp\/v2\/types\/post"}],"author":[{"embeddable":true,"href":"https:\/\/ic.tecnopc.com.ar\/wp-json\/wp\/v2\/users\/1"}],"replies":[{"embeddable":true,"href":"https:\/\/ic.tecnopc.com.ar\/wp-json\/wp\/v2\/comments?post=72134"}],"version-history":[{"count":0,"href":"https:\/\/ic.tecnopc.com.ar\/wp-json\/wp\/v2\/posts\/72134\/revisions"}],"wp:featuredmedia":[{"embeddable":true,"href":"https:\/\/ic.tecnopc.com.ar\/wp-json\/"}],"wp:attachment":[{"href":"https:\/\/ic.tecnopc.com.ar\/wp-json\/wp\/v2\/media?parent=72134"}],"wp:term":[{"taxonomy":"category","embeddable":true,"href":"https:\/\/ic.tecnopc.com.ar\/wp-json\/wp\/v2\/categories?post=72134"},{"taxonomy":"post_tag","embeddable":true,"href":"https:\/\/ic.tecnopc.com.ar\/wp-json\/wp\/v2\/tags?post=72134"}],"curies":[{"name":"wp","href":"https:\/\/api.w.org\/{rel}","templated":true}]}}