{"id":72141,"date":"2007-09-24T03:00:00","date_gmt":"2007-09-24T06:00:00","guid":{"rendered":"http:\/\/martineziuliano.com.ar\/web\/creditos-tema-pendiente\/"},"modified":"2007-09-24T03:00:00","modified_gmt":"2007-09-24T06:00:00","slug":"creditos-tema-pendiente","status":"publish","type":"post","link":"https:\/\/ic.tecnopc.com.ar\/index.php\/2007\/09\/24\/creditos-tema-pendiente\/","title":{"rendered":"CR\u00c9DITOS: TEMA PENDIENTE"},"content":{"rendered":"<div><span style=\"color: #3366ff;\">Gobierno e industriales coinciden en la necesidad de cr\u00e9ditos  para empresas<\/span><\/div>\n<div><\/div>\n<div>\n<div>* Kirchner asegur\u00f3 que van a bajar las tasas de inter\u00e9s e  inst\u00f3 a los bancos a cumplir esta medida<\/p>\n<p>Buenos Aires, 22 septiembre (NA)  &#8212; El presidente N\u00e9stor Kirchner anunci\u00f3 esta ma\u00f1ana que &#8220;van a bajar&#8221; las tasas  de inter\u00e9s de las distintas l\u00edneas de cr\u00e9dito, y advirti\u00f3 que el sistema  financiero debe &#8220;entender el tema&#8221; para adoptar estas medidas. <br \/>&#8220;Las tasas  van a bajar, vamos a tomar todas las medidas que sean necesarias y los bancos  tiene que entender que el pa\u00eds tiene que ser viable para todos&#8221;, sostuvo  Kirchner en declaraciones radiales. <br \/>No obstante, el mandatario advirti\u00f3 que  &#8220;alg\u00fan integrante del sistema financiero sigue si entender este tema&#8221;, en  referencia a la decisi\u00f3n que debi\u00f3 asumir el Banco Central durante esta semana  para distender las tensiones existentes sobre el mercado crediticio local, y  lograr reducir las tasas interbancarias a niveles inferiores al 10 por ciento.  <br \/>Como un intento m\u00e1s para inyectar liquidez a la plaza, la autoridad  monetaria ofreci\u00f3 diversos instrumentos equivalentes a 1.000 millones de pesos,  pero s\u00f3lo coloc\u00f3 10 millones de pesos. <br \/>Para el Central, esta actitud result\u00f3  muy positiva, ya que demuestra el bajo inter\u00e9s de los bancos por hacerse de  fondos, ante la abundante liquidez que poseen. <br \/>La bater\u00eda de medidas  impulsadas en diversos frentes por la entidad que preside Mart\u00edn Redrado  consigui\u00f3 bajar las tasas de call money a niveles inferiores al 10 por ciento, y  la posibilidad de mantener a raya estas tasas es vital para evitar que  repercutan en los intereses que se pagan en cr\u00e9ditos hipotecarios y personales.  <br \/>En un informe, el Banco Central destac\u00f3 tambi\u00e9n que se redujeron  &#8220;significativamente las repercusiones en el sistema financiero local&#8221; de la  crisis internacional, y que de esta manera &#8220;se inhibir\u00e1n injustificados  incrementos en las tasas de inter\u00e9s de los pr\u00e9stamos&#8221; debido a la fuerte  demanda. <br \/>La autoridad monetaria consider\u00f3 tambi\u00e9n que &#8220;han virtualmente  desaparecido las presiones sobre el tipo de cambio&#8221;. <br \/>Las \u00faltimas medidas  adoptadas por la autoridad monetaria apuntan a bajar las tasas de inter\u00e9s y  &#8220;limitar la volatilidad del tipo de cambio, cuando la misma amenazaba con  afectar las expectativas de inflaci\u00f3n&#8221;, seg\u00fan el Central. <br \/>Seg\u00fan el BCRA este  paquete busca &#8220;demostrar al sistema financiero que cuenta con el necesario  respaldo de liquidez para enfrentar estos episodios&#8221;, en relaci\u00f3n con la crisis  financiera internacional de los \u00faltimos d\u00edas.<\/p>\n<p>* Industriales adjudican  fuerte repunte de la actividad a fin de cortes energ\u00e9ticos y piden cr\u00e9dito para  inversiones<\/p>\n<p>Buenos Aires, 22 septiembre (NA) &#8212; El titular de la Uni\u00f3n  Industrial Argentina (UIA), Juan Carlos Lascurain, destac\u00f3 hoy que el fuerte  repunte de la actividad industrial de agosto \u00faltimo se debi\u00f3 al restablecimiento  del suministro energ\u00e9tico, y advirti\u00f3 que, para sostener estos niveles de  crecimiento, se deben fomentar las inversiones, con cr\u00e9ditos a mediano y largo  plazo. <br \/>No obstante, reconoci\u00f3 que el Gobierno que asuma el pr\u00f3ximo diciembre  deber\u00e1 realizar ciertos &#8220;ajustes&#8221;, manteniendo el &#8220;rumbo productivo&#8221; actual.  <br \/>La actividad industrial creci\u00f3 el 9,8 por ciento entre agosto de este a\u00f1o e  igual mes del 2006, de la mano del retorno a pleno de la energ\u00eda y liderada por  el sector automotriz, que despeg\u00f3 un 26,3 por ciento, seg\u00fan el INDEC. <br \/>Con  relaci\u00f3n a julio, el Estimador Mensual Industrial (EMI) subi\u00f3 7,2 por ciento y  acumul\u00f3 un alza del 6,3 en los primeros ocho meses del a\u00f1o. <br \/>&#8220;Despu\u00e9s de  restricciones se completaron los esquemas de producci\u00f3n, se produjo el repunte y  se aument\u00f3 la capacidad instalada&#8221; de la industria, evalu\u00f3 Lascurain en di\u00e1logo  con Radio Am\u00e9rica. <br \/>Seg\u00fan el dirigente industrial, agosto &#8220;hab\u00eda tenido un  impacto una serie de inconvenientes con el suministro de energ\u00eda y eso impactaba  en la producci\u00f3n, sobre todo de acero, pero al normalizarse, aument\u00f3  fuertemente&#8221; la actividad. <br \/>Si bien el titular de la UIA advirti\u00f3 que este  nivel de crecimiento &#8220;se sostiene con inversiones, como las que se est\u00e1n  haciendo&#8221;, ya que &#8220;est\u00e1 muy firme el proceso de inversiones&#8221; en el pa\u00eds, alert\u00f3  que se est\u00e1 &#8220;trabajando para resolver el financiamiento de largo y mediano plazo  para la inversi\u00f3n&#8221;. <br \/>En cuanto a la pol\u00edtica industrial del Gobierno,  Lascurain se\u00f1al\u00f3 que &#8220;ha tomado el rumbo de apostar por la producci\u00f3n en  general, no solo la industrial&#8221; y aventur\u00f3 que tras las elecciones de octubre  pr\u00f3ximo &#8220;se va a mantener&#8221;. <br \/>Sin embargo, reconoci\u00f3 que el pr\u00f3ximo Gobierno  deber\u00e1 realizar ciertos &#8220;ajustes&#8221;. <br \/>&#8220;Todos los procesos requieren ajustes.  Las relaciones internacionales son din\u00e1micas, se van descubriendo nuevos  factores a tener en cuenta, hay que ver c\u00f3mo incentivamos m\u00e1s la innovaci\u00f3n. Hay  que empezar a pensar en otras cosas&#8221;, asever\u00f3 el dirigente.<\/p>\n<p><\/div>\n<\/p><\/div>\n","protected":false},"excerpt":{"rendered":"<div><span style=\"color: #3366ff;\">Gobierno e industriales coinciden en la necesidad de cr\u00e9ditos  para empresas<\/span><\/div>\n<div><\/div>\n<div>\n<div>* Kirchner asegur\u00f3 que van a bajar las tasas de inter\u00e9s e  inst\u00f3 a los bancos a cumplir esta medida<\/p>\n<p>Buenos Aires, 22 septiembre (NA)  &#8212; El presidente N\u00e9stor Kirchner anunci\u00f3 esta ma\u00f1ana que &#8220;van a bajar&#8221; las tasas  de inter\u00e9s de las distintas l\u00edneas de cr\u00e9dito, y advirti\u00f3 que el sistema  financiero debe &#8220;entender el tema&#8221; para adoptar estas medidas.<\/p>\n","protected":false},"author":1,"featured_media":73547,"comment_status":"closed","ping_status":"open","sticky":false,"template":"","format":"standard","meta":{"footnotes":""},"categories":[3],"tags":[],"class_list":["post-72141","post","type-post","status-publish","format-standard","has-post-thumbnail","hentry","category-ultimas-noticias"],"_links":{"self":[{"href":"https:\/\/ic.tecnopc.com.ar\/index.php\/wp-json\/wp\/v2\/posts\/72141","targetHints":{"allow":["GET"]}}],"collection":[{"href":"https:\/\/ic.tecnopc.com.ar\/index.php\/wp-json\/wp\/v2\/posts"}],"about":[{"href":"https:\/\/ic.tecnopc.com.ar\/index.php\/wp-json\/wp\/v2\/types\/post"}],"author":[{"embeddable":true,"href":"https:\/\/ic.tecnopc.com.ar\/index.php\/wp-json\/wp\/v2\/users\/1"}],"replies":[{"embeddable":true,"href":"https:\/\/ic.tecnopc.com.ar\/index.php\/wp-json\/wp\/v2\/comments?post=72141"}],"version-history":[{"count":0,"href":"https:\/\/ic.tecnopc.com.ar\/index.php\/wp-json\/wp\/v2\/posts\/72141\/revisions"}],"wp:featuredmedia":[{"embeddable":true,"href":"https:\/\/ic.tecnopc.com.ar\/index.php\/wp-json\/"}],"wp:attachment":[{"href":"https:\/\/ic.tecnopc.com.ar\/index.php\/wp-json\/wp\/v2\/media?parent=72141"}],"wp:term":[{"taxonomy":"category","embeddable":true,"href":"https:\/\/ic.tecnopc.com.ar\/index.php\/wp-json\/wp\/v2\/categories?post=72141"},{"taxonomy":"post_tag","embeddable":true,"href":"https:\/\/ic.tecnopc.com.ar\/index.php\/wp-json\/wp\/v2\/tags?post=72141"}],"curies":[{"name":"wp","href":"https:\/\/api.w.org\/{rel}","templated":true}]}}