{"id":72155,"date":"2007-10-22T03:00:00","date_gmt":"2007-10-22T06:00:00","guid":{"rendered":"http:\/\/martineziuliano.com.ar\/web\/fmi-dolar-en-duda\/"},"modified":"2007-10-22T03:00:00","modified_gmt":"2007-10-22T06:00:00","slug":"fmi-dolar-en-duda","status":"publish","type":"post","link":"https:\/\/ic.tecnopc.com.ar\/index.php\/2007\/10\/22\/fmi-dolar-en-duda\/","title":{"rendered":"FMI: D\u00d3LAR EN DUDA"},"content":{"rendered":"<div><span style=\"color: #3366ff;\">Rato agita el espectro de una &#8220;ca\u00edda abrupta&#8221; del d\u00f3lar<\/span><\/div>\n<div>\n<div>WASHINGTON, 22 Oct (AFP-NA) &#8211; El director gerente del Fondo  Monetario Internacional (FMI), Rodrigo Rato, reaviv\u00f3 este lunes los temores  sobre el d\u00f3lar, afirmando que existe un riesgo de &#8220;ca\u00edda abrupta&#8221; del billete  verde. <br \/>&#8220;Hasta el presente, las fluctuaciones de las tasas de cambio se  mantienen ordenadas y conformes a los par\u00e1metros b\u00e1sicos&#8221;, declar\u00f3 Rato ante el  Consejo de gobernadores del FMI. <br \/>Pero &#8220;el riesgo de una ca\u00edda brutal del  d\u00f3lar existe &#8211; y esta ca\u00edda podr\u00eda ser la consecuencia o la causa de una p\u00e9rdida  de confianza en los activos cotizados en la moneda estadounidense&#8221;, advirti\u00f3 en  uno de sus \u00faltimos discursos antes de abandonar su cargo a fin de mes. Algunos analistas consideran que Rato reconoci\u00f3 una situaci\u00f3n innegable.  <br \/>&#8220;Todo el mundo sabe que hay un riesgo de ca\u00edda, Rato solamente declar\u00f3 lo  que es evidente&#8221;, afirm\u00f3 David Solin, analista de Foreign Exchange Analytics.  <br \/>El d\u00f3lar sufri\u00f3 de lleno la crisis financiera del verano boreal y la p\u00e9rdida  de confianza en las perspectivas de crecimiento en Estados Unidos. Mientras que  desde 2002 perd\u00eda valor lentamente, en las \u00faltimas semanas su depreciaci\u00f3n se  aceler\u00f3. <br \/>Rato resumi\u00f3 una opini\u00f3n generalizada: &#8220;esperamos una  desaceleraci\u00f3n del crecimiento&#8221; en Estados Unidos, como consecuencia de la  crisis del mercado inmobiliario y a los problemas ligados a los cr\u00e9ditos  hipotecarios a riesgo, que se convirtieron en el principal riesgo para la  primera econom\u00eda mundial. <br \/>Ante esta amenaza, son numerosos los analistas que  apuestan a que la Reserva Federal (Fed) estadounidense reduzca nuevamente su  tasa directriz a fines de octubre. La tasa b\u00e1sica de la Fed ya fue reducida 0,5  punto porcentual a mediados de setiembre y situada en 4,75%. <br \/>Una nueva  reducci\u00f3n disminuir\u00e1 el rendimiento de las colocaciones en d\u00f3lares y alentar\u00e1 la  tendencia al retiro de capitales, haciendo caer a\u00fan m\u00e1s al billete verde. <br \/>El  euro mejor\u00f3 nuevamente el lunes su r\u00e9cord frente al d\u00f3lar (1,4347 d\u00f3lar), que  durante la jornada recuper\u00f3 en parte su estatus de valor refugio, como  generalmente sucede con el billete verde en per\u00edodos de incertidumbre burs\u00e1til.  <br \/>Los ministros de Finanzas del G7, reunidos el viernes en Washington, tambi\u00e9n  validaron impl\u00edcitamente la situaci\u00f3n actual, repitiendo su deseo de que la  cotizaci\u00f3n de las divisas &#8220;reflejen los fundamentos econ\u00f3micos&#8221;. <br \/>Es una  victoria para Estados Unidos, cuyas exportaciones se ven favorecidas con una  moneda devaluada, mientras que no caiga abruptamente, y Washington lo hace  saber, repitiendo su f\u00f3rmula ambigua de &#8220;d\u00f3lar fuerte&#8221; pero &#8220;reflejando los  fundamentos econ\u00f3micos&#8221;. <br \/>&#8220;Vista la ausencia de acciones concretas del G7  sobre el d\u00f3lar, el aumento de las especulaciones sobre una reducci\u00f3n de las  tasas de inter\u00e9s en Estados Unidos ser\u00e1 suficiente para hacer bajar el d\u00f3lar  todav\u00eda m\u00e1s en los pr\u00f3ximos d\u00edas&#8221;, estim\u00f3 Mitul Kotecha del banco Calyon.  <br \/>Para los europeos, el &#8220;laissez-faire&#8221; del G7 es una decepci\u00f3n, cuando  algunos esperaban un gesto que permitiera contener la apreciaci\u00f3n del euro  frente al d\u00f3lar. <br \/>En su discurso del lunes, Rato reconoci\u00f3 impl\u00edcitamente que  Europa podr\u00eda verse afectada por la fuerte apreciaci\u00f3n de su moneda. <br \/>&#8220;Es  posible tambi\u00e9n que las perspectivas de crecimiento de los pa\u00edses que optaron  por una tasa de cambios flexible -incluida la zona euro- sean afectados por la  apreciaci\u00f3n de su moneda&#8221;, afirm\u00f3. <br \/>No se excluye que &#8220;en esas condiciones,  las presiones proteccionistas se intensifiquen&#8221;, advirti\u00f3.<\/div>\n<\/p><\/div>\n","protected":false},"excerpt":{"rendered":"<div><span style=\"color: #3366ff;\">Rato agita el espectro de una &#8220;ca\u00edda abrupta&#8221; del d\u00f3lar<\/span><\/div>\n<div>\n<div>WASHINGTON, 22 Oct (AFP-NA) &#8211; El director gerente del Fondo  Monetario Internacional (FMI), Rodrigo Rato, reaviv\u00f3 este lunes los temores  sobre el d\u00f3lar, afirmando que existe un riesgo de &#8220;ca\u00edda abrupta&#8221; del billete  verde. <br \/>&#8220;Hasta el presente, las fluctuaciones de las tasas de cambio se  mantienen ordenadas y conformes a los par\u00e1metros b\u00e1sicos&#8221;, declar\u00f3 Rato ante el  Consejo de gobernadores del FMI. <br \/>Pero &#8220;el riesgo de una ca\u00edda brutal del  d\u00f3lar existe &#8211; y esta ca\u00edda podr\u00eda ser la consecuencia o la causa de una p\u00e9rdida  de confianza en los activos cotizados en la moneda estadounidense&#8221;, advirti\u00f3 en  uno de sus \u00faltimos discursos antes de abandonar su cargo a fin de mes.<\/p>\n","protected":false},"author":1,"featured_media":73547,"comment_status":"closed","ping_status":"open","sticky":false,"template":"","format":"standard","meta":{"footnotes":""},"categories":[3],"tags":[],"class_list":["post-72155","post","type-post","status-publish","format-standard","has-post-thumbnail","hentry","category-ultimas-noticias"],"_links":{"self":[{"href":"https:\/\/ic.tecnopc.com.ar\/index.php\/wp-json\/wp\/v2\/posts\/72155","targetHints":{"allow":["GET"]}}],"collection":[{"href":"https:\/\/ic.tecnopc.com.ar\/index.php\/wp-json\/wp\/v2\/posts"}],"about":[{"href":"https:\/\/ic.tecnopc.com.ar\/index.php\/wp-json\/wp\/v2\/types\/post"}],"author":[{"embeddable":true,"href":"https:\/\/ic.tecnopc.com.ar\/index.php\/wp-json\/wp\/v2\/users\/1"}],"replies":[{"embeddable":true,"href":"https:\/\/ic.tecnopc.com.ar\/index.php\/wp-json\/wp\/v2\/comments?post=72155"}],"version-history":[{"count":0,"href":"https:\/\/ic.tecnopc.com.ar\/index.php\/wp-json\/wp\/v2\/posts\/72155\/revisions"}],"wp:featuredmedia":[{"embeddable":true,"href":"https:\/\/ic.tecnopc.com.ar\/index.php\/wp-json\/"}],"wp:attachment":[{"href":"https:\/\/ic.tecnopc.com.ar\/index.php\/wp-json\/wp\/v2\/media?parent=72155"}],"wp:term":[{"taxonomy":"category","embeddable":true,"href":"https:\/\/ic.tecnopc.com.ar\/index.php\/wp-json\/wp\/v2\/categories?post=72155"},{"taxonomy":"post_tag","embeddable":true,"href":"https:\/\/ic.tecnopc.com.ar\/index.php\/wp-json\/wp\/v2\/tags?post=72155"}],"curies":[{"name":"wp","href":"https:\/\/api.w.org\/{rel}","templated":true}]}}