{"id":72183,"date":"2008-02-04T03:00:00","date_gmt":"2008-02-04T05:00:00","guid":{"rendered":"http:\/\/martineziuliano.com.ar\/web\/sistema-de-cuentas-tributarias-prorroga\/"},"modified":"2008-02-04T03:00:00","modified_gmt":"2008-02-04T05:00:00","slug":"sistema-de-cuentas-tributarias-prorroga","status":"publish","type":"post","link":"https:\/\/ic.tecnopc.com.ar\/index.php\/2008\/02\/04\/sistema-de-cuentas-tributarias-prorroga\/","title":{"rendered":"SISTEMA DE CUENTAS TRIBUTARIAS: PR\u00d3RROGA"},"content":{"rendered":"<div><span style=\"color: #0000ff;\">Modifcan la Resoluci\u00f3n publicada en el Bolet\u00edn Oficial del 28  de diciembre pasado<\/span><\/div>\n<div>La Resoluci\u00f3n General N\u00b0 2381 ser\u00e1 reemplazada totalmente,  con la emisi\u00f3n de una nueva resoluci\u00f3n. El cronograma previsto en el actual art.  11 para la aplicaci\u00f3n obligatoria de las transacciones y acciones habilitadas en  el sistema, \u00fanicamente por v\u00eda inform\u00e1ticas y a trav\u00e9s del mismo, ser\u00e1 diferido  en tres meses a todos los contribuyentes detallados en dicha resoluci\u00f3n.<\/div>\n<div>El  c\u00f3mputo de retenciones y percepciones de acuerdo con la informaci\u00f3n del sistema  Mis Retenciones, previsto para el 1-7-2008 en el actual art. 12, ser\u00e1 diferido  en principio para su aplicaci\u00f3n en declaraciones juradas con vencimiento a  partir de enero de 2009. Existir\u00e1 un per\u00edodo de prueba previo a ese mes en el  cual la AFIP informara las diferencias entre lo que figura en sus registros y lo  declarado por el contribuyente, para permitir el ajuste de las  diferencias.<br \/>Estas y otras importantes modificaciones se concretaron en una  reuni\u00f3n convocada por la AFIP \u2013 Subdirecci\u00f3n de Servicios al Contribuyente &#8211;  ante las inquietudes formuladas por diversas entidades profesionales y  empresarias.<\/div>\n","protected":false},"excerpt":{"rendered":"<div><span style=\"color: #0000ff;\">Modifcan la Resoluci\u00f3n publicada en el Bolet\u00edn Oficial del 28  de diciembre pasado<\/span><\/div>\n<div>La Resoluci\u00f3n General N\u00b0 2381 ser\u00e1 reemplazada totalmente,  con la emisi\u00f3n de una nueva resoluci\u00f3n. El cronograma previsto en el actual art.  11 para la aplicaci\u00f3n obligatoria de las transacciones y acciones habilitadas en  el sistema, \u00fanicamente por v\u00eda inform\u00e1ticas y a trav\u00e9s del mismo, ser\u00e1 diferido  en tres meses a todos los contribuyentes detallados en dicha resoluci\u00f3n.<\/div>\n<div>\n","protected":false},"author":1,"featured_media":73547,"comment_status":"closed","ping_status":"open","sticky":false,"template":"","format":"standard","meta":{"footnotes":""},"categories":[3],"tags":[],"class_list":["post-72183","post","type-post","status-publish","format-standard","has-post-thumbnail","hentry","category-ultimas-noticias"],"_links":{"self":[{"href":"https:\/\/ic.tecnopc.com.ar\/index.php\/wp-json\/wp\/v2\/posts\/72183","targetHints":{"allow":["GET"]}}],"collection":[{"href":"https:\/\/ic.tecnopc.com.ar\/index.php\/wp-json\/wp\/v2\/posts"}],"about":[{"href":"https:\/\/ic.tecnopc.com.ar\/index.php\/wp-json\/wp\/v2\/types\/post"}],"author":[{"embeddable":true,"href":"https:\/\/ic.tecnopc.com.ar\/index.php\/wp-json\/wp\/v2\/users\/1"}],"replies":[{"embeddable":true,"href":"https:\/\/ic.tecnopc.com.ar\/index.php\/wp-json\/wp\/v2\/comments?post=72183"}],"version-history":[{"count":0,"href":"https:\/\/ic.tecnopc.com.ar\/index.php\/wp-json\/wp\/v2\/posts\/72183\/revisions"}],"wp:featuredmedia":[{"embeddable":true,"href":"https:\/\/ic.tecnopc.com.ar\/index.php\/wp-json\/"}],"wp:attachment":[{"href":"https:\/\/ic.tecnopc.com.ar\/index.php\/wp-json\/wp\/v2\/media?parent=72183"}],"wp:term":[{"taxonomy":"category","embeddable":true,"href":"https:\/\/ic.tecnopc.com.ar\/index.php\/wp-json\/wp\/v2\/categories?post=72183"},{"taxonomy":"post_tag","embeddable":true,"href":"https:\/\/ic.tecnopc.com.ar\/index.php\/wp-json\/wp\/v2\/tags?post=72183"}],"curies":[{"name":"wp","href":"https:\/\/api.w.org\/{rel}","templated":true}]}}