{"id":72187,"date":"2008-02-18T03:00:00","date_gmt":"2008-02-18T05:00:00","guid":{"rendered":"http:\/\/martineziuliano.com.ar\/web\/puja-salarial-dos-opiniones\/"},"modified":"2008-02-18T03:00:00","modified_gmt":"2008-02-18T05:00:00","slug":"puja-salarial-dos-opiniones","status":"publish","type":"post","link":"https:\/\/ic.tecnopc.com.ar\/index.php\/2008\/02\/18\/puja-salarial-dos-opiniones\/","title":{"rendered":"PUJA SALARIAL: DOS OPINIONES"},"content":{"rendered":"<div><span style=\"color: #0000ff;\">Aldo Ferrer y de Mendiguren, piden al gobierno un marco de  cordura<\/span><\/div>\n<div>* Buenos Aires, 17 febrero (NA) &#8212; El economista Aldo Ferrer  se\u00f1al\u00f3 que el Gobierno debe &#8220;arbitrar en las negociaciones salariales&#8221; para  lograr un reparto &#8220;equitativo&#8221; y, a la vez, mantener una inflaci\u00f3n &#8220;razonable&#8221;  con &#8220;un l\u00edmite en torno al 10 por ciento&#8221;.<\/div>\n<div>En la puja distributiva, la  &#8220;tarea&#8221; del Gobierno es transmitir se\u00f1ales &#8220;muy claras en defensa de los  equilibrios macroecon\u00f3micos y arbitrar en las negociaciones para que se logre un  reparto equitativo manteniendo una evoluci\u00f3n razonable de los precios&#8221;, explic\u00f3  Ferrer. <br \/>Asegur\u00f3 que la &#8220;base&#8221; para una estabilidad &#8220;son los equilibrios  macroecon\u00f3micos&#8221;, y precis\u00f3 que la historia de &#8220;alta inflaci\u00f3n tuvo como origen  principal ese tipo de desequilibrios&#8221;. <br \/>&#8220;Probablemente sea necesario aumentar  la meta de super\u00e1vit fiscal primario para darle mayor libertad a la pol\u00edtica  monetaria&#8221;, proyect\u00f3, en di\u00e1logo con P\u00e1gina 12. <br \/>El economista destac\u00f3 que  los reclamos salariales, &#8220;incluso los de mayor porcentaje&#8221;, se mantienen dentro  de un rango &#8220;que no tiene nada que ver con un pasado inflacionario, donde los  pedidos eran del 100 o 200 por ciento&#8221;. <br \/>&#8220;Creo que este conjunto de  circunstancias puede producir una tasa de inflaci\u00f3n promedio razonable que sea  compatible con el crecimiento, las expectativas de inversi\u00f3n y la rentabilidad  futura. La situaci\u00f3n es manejable&#8221;, indic\u00f3. <br \/>Adem\u00e1s estim\u00f3 que el &#8220;l\u00edmite a  inflaci\u00f3n razonable&#8221; es en torno al 10 por ciento&#8221; y alert\u00f3 que, &#8220;cuando la  inflaci\u00f3n se ubica un poco m\u00e1s arriba, se empieza a generar otra serie de  consecuencias&#8221;. <br \/>Respecto del conflicto que el INDEC mantiene con sus  t\u00e9cnicos y m\u00e9todos de medici\u00f3n, asever\u00f3 que &#8220;se debe trabajar con un alto nivel  de profesionalidad para despolitizar el tema y demostrar que no crea la  inflaci\u00f3n sino que la mide&#8221;. <br \/>Por otro lado, consultado por la deuda que  Argentina mantiene con el Club de Par\u00eds, Ferrer asegur\u00f3 que &#8220;hay una gran  exageraci\u00f3n cuando se mencionan los beneficios que generar\u00eda un acuerdo&#8221;.  <br \/>&#8220;Es importante acordar, pero la tasa de inversi\u00f3n se financia  fundamentalmente con el ahorro interno. Por ese motivo, es infinitamente m\u00e1s  relevante impulsar reformas en el sector financiero&#8221;, afirm\u00f3 y agreg\u00f3: &#8220;Es una  fantas\u00eda pensar que las inversiones dependen del acuerdo con el  Club&#8221;.<\/p>\n<p>* Buenos Aires, 15 febrero (NA) &#8212; Uno de los vicepresidentes  de la Uni\u00f3n Industrial Argentina (UIA), el empresario textil Jos\u00e9 Ignacio de  Mendiguren, expres\u00f3 hoy que est\u00e1 &#8220;asustado&#8221; porque &#8220;solamente se discuten la  puja distributiva&#8221; e inst\u00f3 a &#8220;avanzar en el pacto social&#8221;. <br \/>De Mendiguren,  quien se reuni\u00f3 ayer con el ministro de Econom\u00eda, Mart\u00edn Lousteau, en este caso  como representante de la C\u00e1mara Industrial de la Indumentaria, reanud\u00f3 la  discusi\u00f3n sobre el pacto social. <br \/>&#8220;Me asusta cuando s\u00f3lo estamos en esta mesa  hablando de la puja distributiva y no tenemos la otra mesa, que es la  estrat\u00e9gica, la que dice a d\u00f3nde vamos, la que plantea cu\u00e1l es el plan de  crecimiento&#8221;, indic\u00f3 De Mendiguren. <br \/>Y se\u00f1al\u00f3 que la discusi\u00f3n de salarios  &#8220;es natural y es l\u00f3gico que exista&#8221;, aunque reiter\u00f3 que &#8220;el trabajador tiene que  saber c\u00f3mo va a participar del crecimiento&#8221;, porque esa es &#8220;la garant\u00eda de  continuar el proceso&#8221;. <br \/>&#8220;La industria formal ha tenido una recuperaci\u00f3n del  salario, desde la convertibilidad hasta ahora, de 105 por ciento por encima de  la inflaci\u00f3n, pero en la informalidad todav\u00eda no se recuper\u00f3 la inflaci\u00f3n y es  el 45 por ciento de la masa salarial&#8221;, alert\u00f3, en declaraciones a Radio Am\u00e9rica.  <br \/>Adem\u00e1s, asever\u00f3 que Argentina &#8220;no tiene un problema estructural de  inflaci\u00f3n&#8221;, sino un &#8220;problema de demanda&#8221;, que es &#8220;muy fuerte&#8221;. <br \/>Y asegur\u00f3  que &#8220;la soluci\u00f3n&#8221; est\u00e1 en la &#8220;inversi\u00f3n y para eso hace falta previsibilidad&#8221;,  en la que &#8220;un acuerdo social es clave&#8221;. <br \/>Respecto de la reuni\u00f3n que el sector  textil mantuvo con Lousteau, De Mendiguren celebr\u00f3: &#8220;Hubo mucha comprensi\u00f3n de  parte del Ministro&#8221;. <br \/>All\u00ed representantes de la cadena junto al titular del  Palacio de Hacienda acordaron desarrollar tres mesas de trabajo que se centrar\u00e1n  en &#8220;importaci\u00f3n, financiamiento y empleo&#8221;. <br \/>El punto central, quiz\u00e1s, sea el  de las importaciones que, en su mayor\u00eda provenientes de China, &#8220;afectan la  producci\u00f3n nacional&#8221;, seg\u00fan denunciaron en el encuentro. <br \/>La otra mesa  buscar\u00e1 facilitar el acceso al cr\u00e9dito que los distintos eslabones de la cadena  tienen y la tercera se centrar\u00e1 en la formalizaci\u00f3n del empleo textil.<\/div>\n","protected":false},"excerpt":{"rendered":"<div><span style=\"color: #0000ff;\">Aldo Ferrer y de Mendiguren, piden al gobierno un marco de  cordura<\/span><\/div>\n<div>* Buenos Aires, 17 febrero (NA) &#8212; El economista Aldo Ferrer  se\u00f1al\u00f3 que el Gobierno debe &#8220;arbitrar en las negociaciones salariales&#8221; para  lograr un reparto &#8220;equitativo&#8221; y, a la vez, mantener una inflaci\u00f3n &#8220;razonable&#8221;  con &#8220;un l\u00edmite en torno al 10 por ciento&#8221;.<\/div>\n<div>\n","protected":false},"author":1,"featured_media":73547,"comment_status":"closed","ping_status":"open","sticky":false,"template":"","format":"standard","meta":{"footnotes":""},"categories":[3],"tags":[],"class_list":["post-72187","post","type-post","status-publish","format-standard","has-post-thumbnail","hentry","category-ultimas-noticias"],"_links":{"self":[{"href":"https:\/\/ic.tecnopc.com.ar\/index.php\/wp-json\/wp\/v2\/posts\/72187","targetHints":{"allow":["GET"]}}],"collection":[{"href":"https:\/\/ic.tecnopc.com.ar\/index.php\/wp-json\/wp\/v2\/posts"}],"about":[{"href":"https:\/\/ic.tecnopc.com.ar\/index.php\/wp-json\/wp\/v2\/types\/post"}],"author":[{"embeddable":true,"href":"https:\/\/ic.tecnopc.com.ar\/index.php\/wp-json\/wp\/v2\/users\/1"}],"replies":[{"embeddable":true,"href":"https:\/\/ic.tecnopc.com.ar\/index.php\/wp-json\/wp\/v2\/comments?post=72187"}],"version-history":[{"count":0,"href":"https:\/\/ic.tecnopc.com.ar\/index.php\/wp-json\/wp\/v2\/posts\/72187\/revisions"}],"wp:featuredmedia":[{"embeddable":true,"href":"https:\/\/ic.tecnopc.com.ar\/index.php\/wp-json\/"}],"wp:attachment":[{"href":"https:\/\/ic.tecnopc.com.ar\/index.php\/wp-json\/wp\/v2\/media?parent=72187"}],"wp:term":[{"taxonomy":"category","embeddable":true,"href":"https:\/\/ic.tecnopc.com.ar\/index.php\/wp-json\/wp\/v2\/categories?post=72187"},{"taxonomy":"post_tag","embeddable":true,"href":"https:\/\/ic.tecnopc.com.ar\/index.php\/wp-json\/wp\/v2\/tags?post=72187"}],"curies":[{"name":"wp","href":"https:\/\/api.w.org\/{rel}","templated":true}]}}