{"id":72191,"date":"2008-03-05T03:00:00","date_gmt":"2008-03-05T05:00:00","guid":{"rendered":"http:\/\/martineziuliano.com.ar\/web\/aduana-mas-control\/"},"modified":"2008-03-05T03:00:00","modified_gmt":"2008-03-05T05:00:00","slug":"aduana-mas-control","status":"publish","type":"post","link":"https:\/\/ic.tecnopc.com.ar\/index.php\/2008\/03\/05\/aduana-mas-control\/","title":{"rendered":"ADUANA: M\u00c1S CONTROL"},"content":{"rendered":"<div><span style=\"color: #0000ff;\">Aduana incrementa pedido de avales y quita beneficios  impositivos para evitar subfacturaci\u00f3n en importaciones<\/span><\/div>\n<div>Buenos Aires, 26 febrero (NA) &#8212; El director general de  Aduanas, Ricardo Echegaray, adelant\u00f3 hoy que en los pr\u00f3ximos d\u00edas presentar\u00e1 un  proyecto para &#8220;eliminar todos los beneficios impositivos&#8221; e incrementa &#8220;pedido  de avales para todos los importadores&#8221; que presenten documentaci\u00f3n por debajo de  los valores criterio fijados por ese organismo.<\/div>\n<div>De esta manera, la Aduana  busca evitar la subfacturaci\u00f3n, especialmente de los pa\u00edses provenientes del  Grupo 4, es decir Corea, China, Filipinas, Hong Kong, Indonesia, Malasia,  Pakist\u00e1n, Taiw\u00e1n, Tailandia, Singapur y Vietnam. <br \/>&#8220;El proyecto, que lanzar\u00e9  los pr\u00f3ximos d\u00edas, se centra en dos controles fundamentales&#8221;, explic\u00f3 Echegaray,  en el marco de la presentaci\u00f3n del Sal\u00f3n de la Indumentaria de Beb\u00e9s, Ni\u00f1os y  Adolescentes, organizado por la C\u00e1mara que agrupa a las empresas del sector,  CAIByN. <br \/>Echegaray puntualiz\u00f3 que uno de los ejes consistir\u00e1 en &#8220;modificar el  r\u00e9gimen de garant\u00edas que se exigen a los importadores que documentan por debajo  de los valores criterios fijados por la Aduana, y limitarlos a avales bancarios,  dinero en efectivo y Letras del Tesoro&#8221;. <br \/>Al respecto, aclar\u00f3 que &#8220;se deber\u00e1  rever el mecanismo de avales por seguros de cauci\u00f3n&#8221;, que funcionan actualmente.  <br \/>Otro punto fundamental del proyecto se basa en incluir en el pedido de  garant\u00edas a &#8220;todos&#8221; los importadores que documenten por debajo del valor  criterio. <br \/>Es que, actualmente, quienes documentan desde el 80 por ciento del  valor criterio s\u00f3lo deben presentar garant\u00edas, pero gozan del resto de los  beneficios impositivos. <br \/>De prosperar este proyecto, todos los importadores  que documenten por debajo del valor criterio deber\u00e1n &#8220;tener garant\u00edas en  efectivo, Letras del Tesoro o avales bancarios; pagar\u00e1n el IVA al 21 por ciento  m\u00e1s la duplicaci\u00f3n adicional del IVA del 21 por ciento, abonar\u00e1n ganancias al 7  por ciento en lugar de al 3 como lo hacen actualmente algunos de ellos&#8221;, explic\u00f3  el director de Aduanas. <br \/>&#8220;Esta es una manera de estrechar lazos con los  sectores industriales&#8221;, afirm\u00f3 el funcionario, tras remarcar el trabajo  permanente que realiza el organismo con diferentes c\u00e1maras empresarias para  acceder a la informaci\u00f3n de cada sector y buscar &#8220;proteger a la industria  nacional&#8221;. <br \/>En igual sentido se manifest\u00f3 el diputado Marcelo Fern\u00e1ndez,  quien asumi\u00f3 su banca cuando Alberto Balestrini renunci\u00f3 para ocupar el cargo de  vicegobernador bonaerense. <br \/>Fern\u00e1ndez se comprometi\u00f3 a &#8220;impulsar en el  Congreso todos los proyectos que resguarden a las Pymes y que representen al  empresariado nacional&#8221;. <br \/>No obstante, reclam\u00f3 que &#8220;si los industriales  quieren que se los proteja de las importaci\u00f3n tambi\u00e9n deben comprometerse a  comprar insumos nacionales&#8221;. <br \/>Es que, Fern\u00e1ndez representa al sector que  abastece de hilados a la industria textil, que se perjudica toda vez que los  fabricantes compran productos tra\u00eddos del exterior a menor precio que el  interno.<\/div>\n","protected":false},"excerpt":{"rendered":"<div><span style=\"color: #0000ff;\">Aduana incrementa pedido de avales y quita beneficios  impositivos para evitar subfacturaci\u00f3n en importaciones<\/span><\/div>\n<div>Buenos Aires, 26 febrero (NA) &#8212; El director general de  Aduanas, Ricardo Echegaray, adelant\u00f3 hoy que en los pr\u00f3ximos d\u00edas presentar\u00e1 un  proyecto para &#8220;eliminar todos los beneficios impositivos&#8221; e incrementa &#8220;pedido  de avales para todos los importadores&#8221; que presenten documentaci\u00f3n por debajo de  los valores criterio fijados por ese organismo.<\/div>\n<div>\n","protected":false},"author":1,"featured_media":73547,"comment_status":"closed","ping_status":"open","sticky":false,"template":"","format":"standard","meta":{"footnotes":""},"categories":[3],"tags":[],"class_list":["post-72191","post","type-post","status-publish","format-standard","has-post-thumbnail","hentry","category-ultimas-noticias"],"_links":{"self":[{"href":"https:\/\/ic.tecnopc.com.ar\/index.php\/wp-json\/wp\/v2\/posts\/72191","targetHints":{"allow":["GET"]}}],"collection":[{"href":"https:\/\/ic.tecnopc.com.ar\/index.php\/wp-json\/wp\/v2\/posts"}],"about":[{"href":"https:\/\/ic.tecnopc.com.ar\/index.php\/wp-json\/wp\/v2\/types\/post"}],"author":[{"embeddable":true,"href":"https:\/\/ic.tecnopc.com.ar\/index.php\/wp-json\/wp\/v2\/users\/1"}],"replies":[{"embeddable":true,"href":"https:\/\/ic.tecnopc.com.ar\/index.php\/wp-json\/wp\/v2\/comments?post=72191"}],"version-history":[{"count":0,"href":"https:\/\/ic.tecnopc.com.ar\/index.php\/wp-json\/wp\/v2\/posts\/72191\/revisions"}],"wp:featuredmedia":[{"embeddable":true,"href":"https:\/\/ic.tecnopc.com.ar\/index.php\/wp-json\/"}],"wp:attachment":[{"href":"https:\/\/ic.tecnopc.com.ar\/index.php\/wp-json\/wp\/v2\/media?parent=72191"}],"wp:term":[{"taxonomy":"category","embeddable":true,"href":"https:\/\/ic.tecnopc.com.ar\/index.php\/wp-json\/wp\/v2\/categories?post=72191"},{"taxonomy":"post_tag","embeddable":true,"href":"https:\/\/ic.tecnopc.com.ar\/index.php\/wp-json\/wp\/v2\/tags?post=72191"}],"curies":[{"name":"wp","href":"https:\/\/api.w.org\/{rel}","templated":true}]}}