{"id":72194,"date":"2008-03-13T03:00:00","date_gmt":"2008-03-13T05:00:00","guid":{"rendered":"http:\/\/martineziuliano.com.ar\/web\/brasil-medidas-contra-el-dolar-debil\/"},"modified":"2008-03-13T03:00:00","modified_gmt":"2008-03-13T05:00:00","slug":"brasil-medidas-contra-el-dolar-debil","status":"publish","type":"post","link":"https:\/\/ic.tecnopc.com.ar\/index.php\/2008\/03\/13\/brasil-medidas-contra-el-dolar-debil\/","title":{"rendered":"BRASIL: MEDIDAS CONTRA EL D\u00d3LAR D\u00c9BIL"},"content":{"rendered":"<div>\n<div><span style=\"color: #0000ff;\">Paquete brasile\u00f1o contra &#8220;derretimiento del d\u00f3lar&#8221;, con  impacto limitado<\/span><\/div>\n<\/p><\/div>\n<div>Brasilia, 13 Mar (AFP-NA) &#8211; Brasil tom\u00f3 medidas para frenar  el &#8220;derretimiento del d\u00f3lar&#8221; y ayudar a la exportaci\u00f3n, pero \u00e9stas tendr\u00e1n  impacto limitado, estimaron los exportadores que sufren las consecuencias de una  moneda que no cesa de desvalorizarse.<\/div>\n<div>&#8220;Las medidas son bienvenidas, pero  insuficientes para que se traduzcan en un impacto significativo en la tasa de  cambio y en las exportaciones de manufacturados&#8221;, dijo a la AFP el director de  la Asociaci\u00f3n de Comercio Exterior de Brasil (AEB), Jos\u00e9 Augusto de Castro.  <br \/>&#8220;La Confederaci\u00f3n Nacional de la Industria (CNI) apoya las medidas del  gobierno, pero el efecto al final ser\u00e1 limitado&#8221;, declar\u00f3 el presidente de la  CNI, Armando Monteiro Neto. <br \/>Aunque el fen\u00f3meno de la p\u00e9rdida de valor del  d\u00f3lar es mundial, en Brasil, que ha recibido flujos hist\u00f3ricos de inversi\u00f3n  extranjera en los \u00faltimos a\u00f1os, ha sido especialmente significativo. En lo que  va de a\u00f1o, el real acumula alza de 6,15% frente al d\u00f3lar. En 2007 fue de 20,26%,  y en todo el gobierno del presidente Luiz Inacio Lula da Silva, iniciado en  2003, se apreci\u00f3 111,05%. <br \/>Los exportadores alertan de las dificultades  derivadas de la alta valorizaci\u00f3n del real frente al d\u00f3lar. Esta afecta no s\u00f3lo  a la rentabilidad de los negocios en el exterior y a una disparada de las  importaciones, sino tambi\u00e9n a las cuentas externas, que por primera vez desde  2002 ser\u00e1n deficitarias en Brasil, lo que llev\u00f3 al gobierno a adoptar medidas.  <br \/>El ministro de Hacienda, Guido Mantega, anunci\u00f3 la noche del mi\u00e9rcoles tres  medidas para estimular las exportaciones y combatir el &#8220;derretimiento del  d\u00f3lar&#8221;, las cuales buscan frenar la entrada de divisas que no son inversi\u00f3n.  <br \/>Las medidas prev\u00e9n la eliminaci\u00f3n del Impuesto a las Operaciones Financieras  aplicado a los exportadores, la supresi\u00f3n de la obligaci\u00f3n a los exportadores de  repatriar el dinero de sus ventas, y la creaci\u00f3n de un impuesto de 1,5% para las  aplicaciones de extranjeros en los mercados de renta fija y t\u00edtulos del  gobierno. Esas aplicaciones son consideradas un flujo de corto plazo que se ha  multiplicado en los \u00faltimos meses atra\u00eddo por las altas tasas de inter\u00e9s que  Brasil ofrece. <br \/>El ministro reconoci\u00f3 que las medidas tendr\u00e1n impacto  limitado y dijo que habr\u00e1 otras. <br \/>Exportadores e industriales coinciden: &#8220;lo  que est\u00e1 agravando la apreciaci\u00f3n del cambio es esa enorme diferencia que existe  entre la tasa de inter\u00e9s interna y externa&#8221; que atrae masivos flujos de dinero,  seg\u00fan el dirigente industrial. Con ello, seg\u00fan de Castro, aunque el gobierno  grave las inversiones de extranjeros o permita que los exportadores mantengan el  dinero obtenido fuera del pa\u00eds, \u00e9ste seguir\u00e1 entrando porque todos quieren  beneficiarse de los altos intereses. <br \/>La tasa de inter\u00e9s de referencia en  Brasil est\u00e1 en 11,25% al a\u00f1o. <br \/>El efecto de la fuerte valorizaci\u00f3n del real  se tradujo en un explosivo crecimiento de las importaciones y una sensible  reducci\u00f3n del saldo comercial, que present\u00f3 un ins\u00f3lito d\u00e9ficit en las tres  \u00faltimas semanas. <br \/>&#8220;Nuestra previsi\u00f3n es que el saldo comercial este a\u00f1o ser\u00e1  de 30.000 millones de d\u00f3lares (fueron 40.039 millones de d\u00f3lares en 2007). Pero  si hici\u00e9ramos una proyecci\u00f3n de futurismo sobre los resultados recientes, con  crecimiento de las importaciones de 50% y de las exportaciones de 20%, nos  llevar\u00eda a un saldo de solo 10.000 millones&#8221;, dijo de Castro. <br \/>Potencia  agr\u00edcola mundial, Brasil consigui\u00f3 mantener un crecimiento de las exportaciones  sustentado por la venta de commodities, con precios en expansi\u00f3n en el mercado  internacional. <br \/>&#8220;Los exportadores medios y peque\u00f1os de manufacturados est\u00e1n  dejando de exportar, porque no hay rentabilidad&#8221;, seg\u00fan la AEB.<\/div>\n","protected":false},"excerpt":{"rendered":"<div>\n<div><span style=\"color: #0000ff;\">Paquete brasile\u00f1o contra &#8220;derretimiento del d\u00f3lar&#8221;, con  impacto limitado<\/span><\/div>\n<\/p><\/div>\n<div>Brasilia, 13 Mar (AFP-NA) &#8211; Brasil tom\u00f3 medidas para frenar  el &#8220;derretimiento del d\u00f3lar&#8221; y ayudar a la exportaci\u00f3n, pero \u00e9stas tendr\u00e1n  impacto limitado, estimaron los exportadores que sufren las consecuencias de una  moneda que no cesa de desvalorizarse.<\/div>\n<div>\n","protected":false},"author":1,"featured_media":73547,"comment_status":"closed","ping_status":"open","sticky":false,"template":"","format":"standard","meta":{"footnotes":""},"categories":[3],"tags":[],"class_list":["post-72194","post","type-post","status-publish","format-standard","has-post-thumbnail","hentry","category-ultimas-noticias"],"_links":{"self":[{"href":"https:\/\/ic.tecnopc.com.ar\/index.php\/wp-json\/wp\/v2\/posts\/72194","targetHints":{"allow":["GET"]}}],"collection":[{"href":"https:\/\/ic.tecnopc.com.ar\/index.php\/wp-json\/wp\/v2\/posts"}],"about":[{"href":"https:\/\/ic.tecnopc.com.ar\/index.php\/wp-json\/wp\/v2\/types\/post"}],"author":[{"embeddable":true,"href":"https:\/\/ic.tecnopc.com.ar\/index.php\/wp-json\/wp\/v2\/users\/1"}],"replies":[{"embeddable":true,"href":"https:\/\/ic.tecnopc.com.ar\/index.php\/wp-json\/wp\/v2\/comments?post=72194"}],"version-history":[{"count":0,"href":"https:\/\/ic.tecnopc.com.ar\/index.php\/wp-json\/wp\/v2\/posts\/72194\/revisions"}],"wp:featuredmedia":[{"embeddable":true,"href":"https:\/\/ic.tecnopc.com.ar\/index.php\/wp-json\/"}],"wp:attachment":[{"href":"https:\/\/ic.tecnopc.com.ar\/index.php\/wp-json\/wp\/v2\/media?parent=72194"}],"wp:term":[{"taxonomy":"category","embeddable":true,"href":"https:\/\/ic.tecnopc.com.ar\/index.php\/wp-json\/wp\/v2\/categories?post=72194"},{"taxonomy":"post_tag","embeddable":true,"href":"https:\/\/ic.tecnopc.com.ar\/index.php\/wp-json\/wp\/v2\/tags?post=72194"}],"curies":[{"name":"wp","href":"https:\/\/api.w.org\/{rel}","templated":true}]}}