{"id":72198,"date":"2008-04-02T03:00:00","date_gmt":"2008-04-02T06:00:00","guid":{"rendered":"http:\/\/martineziuliano.com.ar\/web\/paro-final\/"},"modified":"2008-04-02T03:00:00","modified_gmt":"2008-04-02T06:00:00","slug":"paro-final","status":"publish","type":"post","link":"https:\/\/ic.tecnopc.com.ar\/index.php\/2008\/04\/02\/paro-final\/","title":{"rendered":"PARO: FINAL?"},"content":{"rendered":"<div><span style=\"color: #0000ff;\">Titular de Coninagro admite que el paro del campo se levanta  hoy, aunque los productores seguir\u00e1n con sus reclamos<\/span><\/div>\n<div>Buenos Aires, 2 abril (NA) &#8212; El presidente de Coninagro,  Fernando Gioino, admiti\u00f3 esta ma\u00f1ana que las entidades del campo levantar\u00e1n el  paro, ya que, seg\u00fan dijo, &#8220;se cumplieron los tiempos&#8221; de la protesta, que ya  lleva m\u00e1s de veinte d\u00edas.<\/div>\n<div>&#8220;La gente ya nos pide una suspensi\u00f3n del paro&#8221;,  revel\u00f3 el dirigente, quien ratific\u00f3 que este mediod\u00eda, en Gualeguaych\u00fa, las  cuatro entidades que impulsan la protesta definir\u00e1n la forma de continuar con  sus reclamos contra las retenciones. <br \/>Para Gioino, los productores que a\u00fan  permanecen en las rutas &#8220;ya han pasado muchos d\u00edas fuera de casa. Y se merecen  un descanso&#8221;. <br \/>En declaraciones radiales, el directivo sostuvo adem\u00e1s que  &#8220;vamos a sugerir a las bases, en la emblem\u00e1tica Gualeguaych\u00fa, entrar en una  etapa distinta, en una etapa de di\u00e1logo&#8221;. <br \/>&#8220;De ahora en m\u00e1s debemos buscar  una estrategia&#8221; para llevar adelante sus reclamos y negociar con el Gobierno,  indic\u00f3 el titular de Coninagro.<\/div>\n","protected":false},"excerpt":{"rendered":"<div><span style=\"color: #0000ff;\">Titular de Coninagro admite que el paro del campo se levanta  hoy, aunque los productores seguir\u00e1n con sus reclamos<\/span><\/div>\n<div>Buenos Aires, 2 abril (NA) &#8212; El presidente de Coninagro,  Fernando Gioino, admiti\u00f3 esta ma\u00f1ana que las entidades del campo levantar\u00e1n el  paro, ya que, seg\u00fan dijo, &#8220;se cumplieron los tiempos&#8221; de la protesta, que ya  lleva m\u00e1s de veinte d\u00edas.<\/div>\n<div>\n","protected":false},"author":1,"featured_media":73547,"comment_status":"closed","ping_status":"open","sticky":false,"template":"","format":"standard","meta":{"footnotes":""},"categories":[3],"tags":[],"class_list":["post-72198","post","type-post","status-publish","format-standard","has-post-thumbnail","hentry","category-ultimas-noticias"],"_links":{"self":[{"href":"https:\/\/ic.tecnopc.com.ar\/index.php\/wp-json\/wp\/v2\/posts\/72198","targetHints":{"allow":["GET"]}}],"collection":[{"href":"https:\/\/ic.tecnopc.com.ar\/index.php\/wp-json\/wp\/v2\/posts"}],"about":[{"href":"https:\/\/ic.tecnopc.com.ar\/index.php\/wp-json\/wp\/v2\/types\/post"}],"author":[{"embeddable":true,"href":"https:\/\/ic.tecnopc.com.ar\/index.php\/wp-json\/wp\/v2\/users\/1"}],"replies":[{"embeddable":true,"href":"https:\/\/ic.tecnopc.com.ar\/index.php\/wp-json\/wp\/v2\/comments?post=72198"}],"version-history":[{"count":0,"href":"https:\/\/ic.tecnopc.com.ar\/index.php\/wp-json\/wp\/v2\/posts\/72198\/revisions"}],"wp:featuredmedia":[{"embeddable":true,"href":"https:\/\/ic.tecnopc.com.ar\/index.php\/wp-json\/"}],"wp:attachment":[{"href":"https:\/\/ic.tecnopc.com.ar\/index.php\/wp-json\/wp\/v2\/media?parent=72198"}],"wp:term":[{"taxonomy":"category","embeddable":true,"href":"https:\/\/ic.tecnopc.com.ar\/index.php\/wp-json\/wp\/v2\/categories?post=72198"},{"taxonomy":"post_tag","embeddable":true,"href":"https:\/\/ic.tecnopc.com.ar\/index.php\/wp-json\/wp\/v2\/tags?post=72198"}],"curies":[{"name":"wp","href":"https:\/\/api.w.org\/{rel}","templated":true}]}}