{"id":72205,"date":"2008-04-24T03:00:00","date_gmt":"2008-04-24T06:00:00","guid":{"rendered":"http:\/\/martineziuliano.com.ar\/web\/estamos-en-crisis\/"},"modified":"2008-04-24T03:00:00","modified_gmt":"2008-04-24T06:00:00","slug":"estamos-en-crisis","status":"publish","type":"post","link":"https:\/\/ic.tecnopc.com.ar\/index.php\/2008\/04\/24\/estamos-en-crisis\/","title":{"rendered":"ESTAMOS EN CRISIS?"},"content":{"rendered":"<div><span style=\"color: #0000ff;\">Preguntas clave sobre el ruido en los mercados<\/span><\/div>\n<div><\/div>\n<div>\n<div>Buenos Aires, 23 abril (NA) &#8212; Los principales interrogantes  sobre lo que ocurre en los mercados, y las respuestas que dan los especialistas,  son los siguientes: <br \/>&#8211; \u00bfPor qu\u00e9 sube el d\u00f3lar? <br \/>Los operadores lo  adjudican a que en \u00e1mbitos oficiales se empez\u00f3 a escuchar el reclamo de sectores  fabriles y exportadores sobre la p\u00e9rdida de competitividad de la econom\u00eda.  Advierten que el efecto de la devaluaci\u00f3n se est\u00e1 perdiendo. Por eso, algunos se  preguntan si el Gobierno no terminar\u00e1 convalidando un d\u00f3lar m\u00e1s alto, en la  franja de los 3,30 pesos. A esto se suma que la liquidaci\u00f3n de exportaciones por  parte de los exportadores se redujo con fuerza con el conflicto con el agro, y  esto lleva a que ingresen menos divisas al Banco Central. &#8211; \u00bfPuede haber un  golpe de mercado que obligue al gobierno a hacer cambios de pol\u00edtica econ\u00f3mica?  <br \/>Los expertos coinciden en que los 50.000 millones de d\u00f3lares de reservas y  el super\u00e1vit fiscal superior a los 30.000 millones de pesos previstos para este  a\u00f1o, dan al Gobierno todas las herramientas para tener la sart\u00e9n por el mango.  Si el d\u00f3lar sube ser\u00e1 por decisi\u00f3n oficial, no de los operadores cambiarios,  coinciden. <br \/>&#8211; La pelea con el campo, \u00bfafecta la econom\u00eda? <br \/>Se coincide en  que s\u00ed. El agro es un sector clave que aporta buena parte del super\u00e1vit fiscal y  que explica el crecimiento ininterrumpido que tuvo la Argentina en los \u00faltimos  cincos a\u00f1os. <br \/>Si esta pata entra en conflicto otra vez, tendr\u00e1 impacto sobre  el crecimiento. <br \/>&#8211; \u00bfCombatir la inflaci\u00f3n es el principal desaf\u00edo para el  Gobierno? <br \/>Tantos economistas oficialistas como opositores coinciden en que  el principal obst\u00e1culo que tiene la pol\u00edtica econ\u00f3mica es la disparada de  precios. En lo que no hay un discurso com\u00fan es en si se debe desalentar el  consumo para enfriar la econom\u00eda y frenar la escalada de precios, o en si  alcanza con alentar m\u00e1s las inversiones para que se incremente la oferta y los  precios bajen. <br \/>&#8211; \u00bfQu\u00e9 proponen los economistas cercanos al Gobierno, como  H\u00e9ctor Valle y Eduardo Curia? <br \/>a) Fijar metas de inflaci\u00f3n bianuales para dar  certeza a los agentes econ\u00f3micos. <br \/>b) Elaborar un \u00edndice estad\u00edstico de  precios confiable. <br \/>c) Promover metas de super\u00e1vit fiscal para el 2009  superiores a las del 2008. <br \/>d) Estimular las inversiones en los sectores  productivos para aumentar la oferta. <br \/>e) Sincerar la pol\u00edtica cambiaria de  manera de mantener la competitividad. <br \/>&#8211; \u00bfCu\u00e1les son los efectos adicionales  de la inflaci\u00f3n? <br \/>Afecta en forma indirecta a la pol\u00edtica cambiaria, porque  al mantener estable la cotizaci\u00f3n mientras los precios de la econom\u00eda suben, el  pa\u00eds corre el riesgo de perder competitividad en materia industrial. Uno de los  reclamos de los industriales fue subir el valor del d\u00f3lar para cuidar la  producci\u00f3n local, pero es aqu\u00ed donde las opiniones se cruzan, dado que hay  quienes alertan que esto provocar\u00eda un alza de precios superior a la  actual.<\/div>\n<\/p><\/div>\n","protected":false},"excerpt":{"rendered":"<div><span style=\"color: #0000ff;\">Preguntas clave sobre el ruido en los mercados<\/span><\/div>\n<div><\/div>\n<div>\n<div>Buenos Aires, 23 abril (NA) &#8212; Los principales interrogantes  sobre lo que ocurre en los mercados, y las respuestas que dan los especialistas,  son los siguientes: <br \/>&#8211; \u00bfPor qu\u00e9 sube el d\u00f3lar? <br \/>Los operadores lo  adjudican a que en \u00e1mbitos oficiales se empez\u00f3 a escuchar el reclamo de sectores  fabriles y exportadores sobre la p\u00e9rdida de competitividad de la econom\u00eda.  Advierten que el efecto de la devaluaci\u00f3n se est\u00e1 perdiendo. Por eso, algunos se  preguntan si el Gobierno no terminar\u00e1 convalidando un d\u00f3lar m\u00e1s alto, en la  franja de los 3,30 pesos. A esto se suma que la liquidaci\u00f3n de exportaciones por  parte de los exportadores se redujo con fuerza con el conflicto con el agro, y  esto lleva a que ingresen menos divisas al Banco Central.<\/p>\n","protected":false},"author":1,"featured_media":73547,"comment_status":"closed","ping_status":"open","sticky":false,"template":"","format":"standard","meta":{"footnotes":""},"categories":[3],"tags":[],"class_list":["post-72205","post","type-post","status-publish","format-standard","has-post-thumbnail","hentry","category-ultimas-noticias"],"_links":{"self":[{"href":"https:\/\/ic.tecnopc.com.ar\/index.php\/wp-json\/wp\/v2\/posts\/72205","targetHints":{"allow":["GET"]}}],"collection":[{"href":"https:\/\/ic.tecnopc.com.ar\/index.php\/wp-json\/wp\/v2\/posts"}],"about":[{"href":"https:\/\/ic.tecnopc.com.ar\/index.php\/wp-json\/wp\/v2\/types\/post"}],"author":[{"embeddable":true,"href":"https:\/\/ic.tecnopc.com.ar\/index.php\/wp-json\/wp\/v2\/users\/1"}],"replies":[{"embeddable":true,"href":"https:\/\/ic.tecnopc.com.ar\/index.php\/wp-json\/wp\/v2\/comments?post=72205"}],"version-history":[{"count":0,"href":"https:\/\/ic.tecnopc.com.ar\/index.php\/wp-json\/wp\/v2\/posts\/72205\/revisions"}],"wp:featuredmedia":[{"embeddable":true,"href":"https:\/\/ic.tecnopc.com.ar\/index.php\/wp-json\/"}],"wp:attachment":[{"href":"https:\/\/ic.tecnopc.com.ar\/index.php\/wp-json\/wp\/v2\/media?parent=72205"}],"wp:term":[{"taxonomy":"category","embeddable":true,"href":"https:\/\/ic.tecnopc.com.ar\/index.php\/wp-json\/wp\/v2\/categories?post=72205"},{"taxonomy":"post_tag","embeddable":true,"href":"https:\/\/ic.tecnopc.com.ar\/index.php\/wp-json\/wp\/v2\/tags?post=72205"}],"curies":[{"name":"wp","href":"https:\/\/api.w.org\/{rel}","templated":true}]}}