{"id":72206,"date":"2008-04-24T03:00:00","date_gmt":"2008-04-24T06:00:00","guid":{"rendered":"http:\/\/martineziuliano.com.ar\/web\/brasil-sin-aduanas\/"},"modified":"2008-04-24T03:00:00","modified_gmt":"2008-04-24T06:00:00","slug":"brasil-sin-aduanas","status":"publish","type":"post","link":"https:\/\/ic.tecnopc.com.ar\/index.php\/2008\/04\/24\/brasil-sin-aduanas\/","title":{"rendered":"BRASIL SIN ADUANAS"},"content":{"rendered":"<div><span style=\"color: #0000ff;\">El conflicto de la aduana en Brasil demora m\u00e1s de 5.000  camiones y provoca p\u00e9rdidas millonarias<\/span><\/div>\n<div><\/div>\n<div>\n<div>Buenos Aires, abril 23 (NA) &#8212; La Federaci\u00f3n Argentina de  Entidades Empresarias de Autotransporte de Carga (FADEEAC) advirti\u00f3 hoy que la  huelga aduanera en Brasil tiene varados a m\u00e1s de 5.000 camiones en la frontera  con Argentina y que el conflicto podr\u00eda comenzar a afectar al sistema productivo  local. <br \/>La directora de transporte internacional de FADEEAC, Silvia Sudol,  se\u00f1alo que el conflicto, &#8220;ya est\u00e1 provocando p\u00e9rdidas varias veces millonarias  en d\u00f3lares y originando juicios a las empresas por las p\u00e9rdidas incalculables de  productos perecederos&#8221;. Detall\u00f3 que &#8220;este es un conflicto que est\u00e1 afectando  no solo al comercio en el Mercosur, sino tambi\u00e9n en todo el plano internacional,  porque est\u00e1n en conflicto en Brasil, no solo las aduanas terrestres, sino  tambi\u00e9n las de estaciones a\u00e9reas y mar\u00edtimas&#8221;. <br \/>En reclamo de mejoras  laborales, el personal de las aduanas brasile\u00f1as que limitan con Santo Tom\u00e9,  Paso de los Libres e Iguaz\u00fa, est\u00e1n en conflicto desde hace m\u00e1s de un mes y  provocan &#8220;un caos total en el transporte internacional&#8221;. <br \/>&#8220;FADEEAC no ha  encontrado una soluci\u00f3n porque realizar una gesti\u00f3n es muy dif\u00edcil por tratarse  de un conflicto gremial en Brasil&#8221;, explic\u00f3 Sudol. <br \/>Agrego el empresariado de  transporte de carga &#8220;tanto de Brasil como de Argentina ha hecho esfuerzos ante  las autoridades de ambos pa\u00edses, FADEEAC a hecho conocer el problema al  canciller Jorge Taiana, pero la soluci\u00f3n no es f\u00e1cil&#8221;. <br \/>&#8220;Adem\u00e1s del costo  humano de los choferes, que enfrentan la rotura de precintos, robos, problemas  de higiene y seguridad, est\u00e1 la presi\u00f3n de las empresas reclamando el  cumplimiento de contratos y la p\u00e9rdidas en cantidades varias veces millonarias  porque hay cargas perecederas que no pueden estar m\u00e1s de tres o cuatro d\u00edas y se  pierde totalmente&#8221;, detall\u00f3 la dirigente. <br \/>Explic\u00f3 que &#8220;en esta instancia la  paralizaci\u00f3n es total, porque hay solamente dos horas de trabajo a reglamento  por d\u00eda, durante el cual pasan mucho menos de 50 camiones, cuando en \u00e9poca  normal solamente por la aduana de Paso de los Libres-Uruguayana, pasan 1.200  camiones por d\u00eda&#8221;. <br \/>Sudol detall\u00f3 que esta es una situaci\u00f3n &#8220;m\u00e1s que  complicada, porque los exportadores no est\u00e1n cumpliendo sus contratos y el  importador no puede hacer llegar insumos para la producci\u00f3n industrial que  vienen de Brasil&#8221;. <br \/>Afirm\u00f3 que &#8220;las p\u00e9rdidas son multimillonarias, el n\u00famero  es alt\u00edsimo en millones de d\u00f3lares, y la situaci\u00f3n ya est\u00e1 generando juicios a  algunas empresas y el primer reclamo es contra las empresas del transporte&#8221;.  <br \/>&#8220;Lo grave es que el problema no tiene visos de soluci\u00f3n, la autoridades  brasile\u00f1as dicen que lo lamentan y mientras tanto los operadores de carga de  Brasil y la Argentina est\u00e1n desesperados&#8221;, lament\u00f3.<\/div>\n<\/p><\/div>\n","protected":false},"excerpt":{"rendered":"<div><span style=\"color: #0000ff;\">El conflicto de la aduana en Brasil demora m\u00e1s de 5.000  camiones y provoca p\u00e9rdidas millonarias<\/span><\/div>\n<div><\/div>\n<div>\n<div>Buenos Aires, abril 23 (NA) &#8212; La Federaci\u00f3n Argentina de  Entidades Empresarias de Autotransporte de Carga (FADEEAC) advirti\u00f3 hoy que la  huelga aduanera en Brasil tiene varados a m\u00e1s de 5.000 camiones en la frontera  con Argentina y que el conflicto podr\u00eda comenzar a afectar al sistema productivo  local. <br \/>La directora de transporte internacional de FADEEAC, Silvia Sudol,  se\u00f1alo que el conflicto, &#8220;ya est\u00e1 provocando p\u00e9rdidas varias veces millonarias  en d\u00f3lares y originando juicios a las empresas por las p\u00e9rdidas incalculables de  productos perecederos&#8221;.<\/p>\n","protected":false},"author":1,"featured_media":73547,"comment_status":"closed","ping_status":"open","sticky":false,"template":"","format":"standard","meta":{"footnotes":""},"categories":[3],"tags":[],"class_list":["post-72206","post","type-post","status-publish","format-standard","has-post-thumbnail","hentry","category-ultimas-noticias"],"_links":{"self":[{"href":"https:\/\/ic.tecnopc.com.ar\/index.php\/wp-json\/wp\/v2\/posts\/72206","targetHints":{"allow":["GET"]}}],"collection":[{"href":"https:\/\/ic.tecnopc.com.ar\/index.php\/wp-json\/wp\/v2\/posts"}],"about":[{"href":"https:\/\/ic.tecnopc.com.ar\/index.php\/wp-json\/wp\/v2\/types\/post"}],"author":[{"embeddable":true,"href":"https:\/\/ic.tecnopc.com.ar\/index.php\/wp-json\/wp\/v2\/users\/1"}],"replies":[{"embeddable":true,"href":"https:\/\/ic.tecnopc.com.ar\/index.php\/wp-json\/wp\/v2\/comments?post=72206"}],"version-history":[{"count":0,"href":"https:\/\/ic.tecnopc.com.ar\/index.php\/wp-json\/wp\/v2\/posts\/72206\/revisions"}],"wp:featuredmedia":[{"embeddable":true,"href":"https:\/\/ic.tecnopc.com.ar\/index.php\/wp-json\/"}],"wp:attachment":[{"href":"https:\/\/ic.tecnopc.com.ar\/index.php\/wp-json\/wp\/v2\/media?parent=72206"}],"wp:term":[{"taxonomy":"category","embeddable":true,"href":"https:\/\/ic.tecnopc.com.ar\/index.php\/wp-json\/wp\/v2\/categories?post=72206"},{"taxonomy":"post_tag","embeddable":true,"href":"https:\/\/ic.tecnopc.com.ar\/index.php\/wp-json\/wp\/v2\/tags?post=72206"}],"curies":[{"name":"wp","href":"https:\/\/api.w.org\/{rel}","templated":true}]}}