{"id":72211,"date":"2008-05-12T03:00:00","date_gmt":"2008-05-12T06:00:00","guid":{"rendered":"http:\/\/martineziuliano.com.ar\/web\/al-reves-del-mundo\/"},"modified":"2008-05-12T03:00:00","modified_gmt":"2008-05-12T06:00:00","slug":"al-reves-del-mundo","status":"publish","type":"post","link":"https:\/\/ic.tecnopc.com.ar\/index.php\/2008\/05\/12\/al-reves-del-mundo\/","title":{"rendered":"AL REV\u00c9S DEL MUNDO"},"content":{"rendered":"<div><span style=\"color: #0000ff;\">El riesgo de perder una nueva oportunidad<\/span><\/div>\n<div><\/div>\n<div>\n<div>Buenos Aires, mayo (Especial de NA, por Jos\u00e9 Calero) &#8212; El  mundo demanda cada vez m\u00e1s alimentos y la Argentina emerge como nunca en su rol  tradicional de &#8220;granero del mundo&#8221;, pero a pesar de este panorama el pa\u00eds parece  ir camino de desaprovechar una nueva oportunidad hist\u00f3rica por razones  inexplicables. <br \/>En medio de idas y vueltas que reflejan diferencias de  criterio en el seno del poder en la Casa Rosada, el campo vuelve a anunciar una  medida de fuerza, que por ahora afectar\u00e1 la comercializaci\u00f3n de granos. La  raz\u00f3n de fondo tiene n\u00fameros: son alrededor de 2.000 millones de d\u00f3lares  adicionales que se esperaban recaudar por el alza en los mercados  internacionales de la cotizaci\u00f3n del commoditie estrella del momento, la soja,  que se convirti\u00f3 en el alimento preferido por econom\u00edas en despegue, como China.  <br \/>El Gobierno Nacional, \u00e1vido de divisas, vio los n\u00fameros y decidi\u00f3 entonces  subir las retenciones a la soja, bajo el paraguas ambiguo del concepto de las  retenciones m\u00f3viles. <br \/>El problema fue que el campo tambi\u00e9n se sent\u00f3 a hacer  n\u00fameros y se dio cuenta de que, en un abrir y cerrar de ojos, se produc\u00eda una  nueva y fenomenal transferencia de riqueza, desde el campo hacia el &#8220;barril sin  fondo&#8221; de las Rentas generales. <br \/>Desde la Casa Rosada ya se avis\u00f3 que se  busca desalentar la siembra de soja, porque temen que cada vez m\u00e1s hombres de  campo dejen de producir l\u00e1cteos y carne para volcarse al commoditie estrella.  <br \/>Lo que nadie en el Ejecutivo responde es por qu\u00e9 raz\u00f3n no se incentiv\u00f3  tambi\u00e9n el desarrollo de los tambos y la producci\u00f3n c\u00e1rnica en estos cinco a\u00f1os  de &#8220;modelo productivo&#8221;, a pesar de las duras advertencias que llueven desde el  sector agropecuario hace varios a\u00f1os. <br \/>S\u00f3lo se le ofrece a los productores un  r\u00e9gimen de devoluci\u00f3n de retenciones que supuestamente beneficiar\u00e1 a peque\u00f1os  chacareros, pero los propios beneficiados alertan que hasta ahora el resto del  esquema de subsidios nunca dio resultado en el caso del campo. <br \/>Est\u00e1 clara la  estrategia oficial: tener la sart\u00e9n por el mango y decidir qui\u00e9n se beneficia  con la devoluci\u00f3n de fondos, como ocurre, por ejemplo, con los subsidios al  transporte y, con mayor tinte pol\u00edtico, con las transferencias por  coparticipaci\u00f3n que obligan a allanarse pol\u00edticamente para que no se corte el  chorro de pesos que pueda llover desde las arcas oficiales. <br \/>El jefe de  Gabinete, Alberto Fern\u00e1ndez, dijo que el precio de la soja bajar\u00e1 pr\u00f3ximamente  porque Estados Unidos tendr\u00e1 una muy buena cosecha de soja producto de una  decisi\u00f3n estrat\u00e9gica que busca aprovechar el excelente escenario internacional.  <br \/>Si eso es as\u00ed, no se entiende por qu\u00e9 el gobierno argentino no imit\u00f3 ese  ejemplo y en lugar de aplicar una medida que desalienta la siembra no aplica una  estrategia para que, como sugiri\u00f3 con l\u00f3gica el ex presidente Eduardo Duhalde,  la Argentina &#8220;siembre el doble de soja&#8221;. <br \/>Qu\u00e9 pasar\u00eda si el gobierno  aprovechara su formidable caja para incentivar que se siembre m\u00e1s soja, siempre  y cuando como condici\u00f3n tambi\u00e9n se aumentara la producci\u00f3n de carne y l\u00e1cteos,  para garantizar que los precios internos no s\u00f3lo se mantengan, sino que incluso  bajen. <br \/>Tal vez sea una idea demasiado audaz en medio de una puja entre el  Gobierno y el campo que dej\u00f3 poco margen para debatir ideas y mostr\u00f3 un  conflicto donde, otra vez, prejuicios ideol\u00f3gicos amagan con quitarle a la  Argentina una nueva oportunidad hist\u00f3rica. <\/p>\n<\/div><\/div>\n","protected":false},"excerpt":{"rendered":"<div><span style=\"color: #0000ff;\">El riesgo de perder una nueva oportunidad<\/span><\/div>\n<div><\/div>\n<div>\n<div>Buenos Aires, mayo (Especial de NA, por Jos\u00e9 Calero) &#8212; El  mundo demanda cada vez m\u00e1s alimentos y la Argentina emerge como nunca en su rol  tradicional de &#8220;granero del mundo&#8221;, pero a pesar de este panorama el pa\u00eds parece  ir camino de desaprovechar una nueva oportunidad hist\u00f3rica por razones  inexplicables. <br \/>En medio de idas y vueltas que reflejan diferencias de  criterio en el seno del poder en la Casa Rosada, el campo vuelve a anunciar una  medida de fuerza, que por ahora afectar\u00e1 la comercializaci\u00f3n de granos.<\/p>\n","protected":false},"author":1,"featured_media":73547,"comment_status":"closed","ping_status":"open","sticky":false,"template":"","format":"standard","meta":{"footnotes":""},"categories":[3],"tags":[],"class_list":["post-72211","post","type-post","status-publish","format-standard","has-post-thumbnail","hentry","category-ultimas-noticias"],"_links":{"self":[{"href":"https:\/\/ic.tecnopc.com.ar\/index.php\/wp-json\/wp\/v2\/posts\/72211","targetHints":{"allow":["GET"]}}],"collection":[{"href":"https:\/\/ic.tecnopc.com.ar\/index.php\/wp-json\/wp\/v2\/posts"}],"about":[{"href":"https:\/\/ic.tecnopc.com.ar\/index.php\/wp-json\/wp\/v2\/types\/post"}],"author":[{"embeddable":true,"href":"https:\/\/ic.tecnopc.com.ar\/index.php\/wp-json\/wp\/v2\/users\/1"}],"replies":[{"embeddable":true,"href":"https:\/\/ic.tecnopc.com.ar\/index.php\/wp-json\/wp\/v2\/comments?post=72211"}],"version-history":[{"count":0,"href":"https:\/\/ic.tecnopc.com.ar\/index.php\/wp-json\/wp\/v2\/posts\/72211\/revisions"}],"wp:featuredmedia":[{"embeddable":true,"href":"https:\/\/ic.tecnopc.com.ar\/index.php\/wp-json\/"}],"wp:attachment":[{"href":"https:\/\/ic.tecnopc.com.ar\/index.php\/wp-json\/wp\/v2\/media?parent=72211"}],"wp:term":[{"taxonomy":"category","embeddable":true,"href":"https:\/\/ic.tecnopc.com.ar\/index.php\/wp-json\/wp\/v2\/categories?post=72211"},{"taxonomy":"post_tag","embeddable":true,"href":"https:\/\/ic.tecnopc.com.ar\/index.php\/wp-json\/wp\/v2\/tags?post=72211"}],"curies":[{"name":"wp","href":"https:\/\/api.w.org\/{rel}","templated":true}]}}