{"id":72213,"date":"2008-05-15T03:00:00","date_gmt":"2008-05-15T06:00:00","guid":{"rendered":"http:\/\/martineziuliano.com.ar\/web\/scioli-positivo\/"},"modified":"2008-05-15T03:00:00","modified_gmt":"2008-05-15T06:00:00","slug":"scioli-positivo","status":"publish","type":"post","link":"https:\/\/ic.tecnopc.com.ar\/index.php\/2008\/05\/15\/scioli-positivo\/","title":{"rendered":"SCIOLI: POSITIVO"},"content":{"rendered":"<div><span style=\"color: #0000ff;\">Marcha atr\u00e1s con la eliminaci\u00f3n de exenciones en Ingresos  Brutos<\/span><\/div>\n<div><\/div>\n<div>\n<div>LA NACI\u00d3N, Jueves 15 de mayo de 2008 &#8211; El gobernador  bonaerense, Daniel Scioli, se comprometi\u00f3 ayer ante entidades empresariales de  la provincia a no avanzar con su iniciativa de reforma impositiva, mediante la  cual busca simplificar el esquema tributario provincial y que contempla extender  el pago del gravamen sobre los ingresos brutos a la industria, el comercio y el  agro. <br \/>El mandatario propuso a los directivos de la Federaci\u00f3n Econ\u00f3mica  de la provincia de Buenos Aires (FEBA), la Confederaci\u00f3n Argentina de la Mediana  Empresa (CAME) y la Asociaci\u00f3n de Industriales de la provincia de Buenos Aires  (Adiba) conformar una mesa en la que se buscar\u00e1n acuerdos para definir esa  reforma. <\/p>\n<p>Seg\u00fan dijo Scioli en la reuni\u00f3n, su gobierno &#8220;est\u00e1 abocado a  producir cambios y soluciones en favor de potenciar un escenario de  competitividad&#8221;. El gobernador se encarg\u00f3 de aclarar que &#8220;no est\u00e1 en el esp\u00edritu  del gobierno buscar una suba de al\u00edcuotas, sino un ordenamiento de todo el  sistema impositivo&#8221;. Y asegur\u00f3 que est\u00e1 convencido de que &#8220;el Estado debe ser un  socio estrat\u00e9gico y no un contrapeso para quienes producen, y mucho menos contra  las peque\u00f1as empresas&#8221;. <\/p>\n<p>Las c\u00e1maras empresariales llevaron a la  gobernaci\u00f3n la inquietud de sus asociados por el contenido del anteproyecto  sobre el que trabajaba el gobierno, que contemplaba un incremento del 3 al 4% en  el caso de los comercios y la imposici\u00f3n de un 1% a varios rubros de la  industria y el agro, que hoy est\u00e1n exceptuados. El resultado constituir\u00eda m\u00e1s de  la mitad de los ingresos propios obtenidos por la provincia. Con las  modificaciones, que originalmente el gobierno preve\u00eda aprobar en junio y poner  en pr\u00e1ctica a partir del segundo semestre, el fisco provincial buscaba recaudar,  seg\u00fan c\u00e1lculos extraoficiales, unos $ 3000 millones extras. <\/p>\n<p>&#8220;No es un  momento oportuno para esos cambios&#8221;, sintetizaron los invitados. Del otro lado  de la mesa, los funcionarios asintieron. Junto al gobernador estaban los  ministros de Econom\u00eda, Rafael Perelmiter, y de Asuntos Agrarios y Producci\u00f3n,  D\u00e9bora Giorgi, y el director ejecutivo de la Agencia de Recaudaci\u00f3n de Buenos  Aires (ARBA), Santiago Montoya, a quien se atribuye ser el impulsor de los  cambios ahora en revisi\u00f3n. <\/p>\n<p>De hecho, seg\u00fan trascendi\u00f3 anoche, la  instancia de discusi\u00f3n con los empresarios ser\u00e1 coordinada por el propio  Montoya. <\/p>\n<p>El presidente de CAME, Osvaldo Cornide, se mostr\u00f3 satisfecho  con el resultado del encuentro y dijo que se buscar\u00e1 con el gobierno &#8220;optimizar  los recursos, simplificar los impuestos y lograr que el crecimiento de la  actividad se conjugue con una suba de la recaudaci\u00f3n&#8221;.<\/p><\/div>\n<\/p><\/div>\n","protected":false},"excerpt":{"rendered":"<div><span style=\"color: #0000ff;\">Marcha atr\u00e1s con la eliminaci\u00f3n de exenciones en Ingresos  Brutos<\/span><\/div>\n<div><\/div>\n<div>\n<div>LA NACI\u00d3N, Jueves 15 de mayo de 2008 &#8211; El gobernador  bonaerense, Daniel Scioli, se comprometi\u00f3 ayer ante entidades empresariales de  la provincia a no avanzar con su iniciativa de reforma impositiva, mediante la  cual busca simplificar el esquema tributario provincial y que contempla extender  el pago del gravamen sobre los ingresos brutos a la industria, el comercio y el  agro.<\/p>\n","protected":false},"author":1,"featured_media":73547,"comment_status":"closed","ping_status":"open","sticky":false,"template":"","format":"standard","meta":{"footnotes":""},"categories":[3],"tags":[],"class_list":["post-72213","post","type-post","status-publish","format-standard","has-post-thumbnail","hentry","category-ultimas-noticias"],"_links":{"self":[{"href":"https:\/\/ic.tecnopc.com.ar\/index.php\/wp-json\/wp\/v2\/posts\/72213","targetHints":{"allow":["GET"]}}],"collection":[{"href":"https:\/\/ic.tecnopc.com.ar\/index.php\/wp-json\/wp\/v2\/posts"}],"about":[{"href":"https:\/\/ic.tecnopc.com.ar\/index.php\/wp-json\/wp\/v2\/types\/post"}],"author":[{"embeddable":true,"href":"https:\/\/ic.tecnopc.com.ar\/index.php\/wp-json\/wp\/v2\/users\/1"}],"replies":[{"embeddable":true,"href":"https:\/\/ic.tecnopc.com.ar\/index.php\/wp-json\/wp\/v2\/comments?post=72213"}],"version-history":[{"count":0,"href":"https:\/\/ic.tecnopc.com.ar\/index.php\/wp-json\/wp\/v2\/posts\/72213\/revisions"}],"wp:featuredmedia":[{"embeddable":true,"href":"https:\/\/ic.tecnopc.com.ar\/index.php\/wp-json\/"}],"wp:attachment":[{"href":"https:\/\/ic.tecnopc.com.ar\/index.php\/wp-json\/wp\/v2\/media?parent=72213"}],"wp:term":[{"taxonomy":"category","embeddable":true,"href":"https:\/\/ic.tecnopc.com.ar\/index.php\/wp-json\/wp\/v2\/categories?post=72213"},{"taxonomy":"post_tag","embeddable":true,"href":"https:\/\/ic.tecnopc.com.ar\/index.php\/wp-json\/wp\/v2\/tags?post=72213"}],"curies":[{"name":"wp","href":"https:\/\/api.w.org\/{rel}","templated":true}]}}