{"id":72221,"date":"2008-06-19T03:00:00","date_gmt":"2008-06-19T06:00:00","guid":{"rendered":"http:\/\/martineziuliano.com.ar\/web\/cual-es-el-plan-economico\/"},"modified":"2008-06-19T03:00:00","modified_gmt":"2008-06-19T06:00:00","slug":"cual-es-el-plan-economico","status":"publish","type":"post","link":"https:\/\/ic.tecnopc.com.ar\/index.php\/2008\/06\/19\/cual-es-el-plan-economico\/","title":{"rendered":"CU\u00c1L ES EL PLAN ECON\u00d3MICO?"},"content":{"rendered":"<div><span style=\"color: #0000ff;\">Nuevos datos: Suspensiones de personal, inflaci\u00f3n asumida y  aumento de la voracidad fiscal<\/span><\/div>\n<div><\/div>\n<div>\n<div>La Rioja, 18 junio (NA) &#8212; Las principales industrias  textiles riojanas est\u00e1n comenzando a suspender personal o a disponer licencias  anticipadas, debido a que no tienen insumos suficientes para continuar  produciendo por los cortes de rutas derivados de la protesta del campo, que  impiden la llegada de las cargas. <br \/>El tema fue analizado este mi\u00e9rcoles por  el subsecretario de Trabajo, Nicol\u00e1s Maza, y los sindicatos textiles de la  provincia. El objetivo del organismo laboral es amortiguar los efectos y  evitar que se produzcan despidos. <br \/>Participaron de la reuni\u00f3n el titular de  la Asociaci\u00f3n Obrera Textil (AOT), Enrique Rivadero, y de SETIA, Eduardo Pe\u00f1a.  <br \/>Tambi\u00e9n asistieron representantes de las firmas Ritex y Ricoltex, una planta  que tiene 700 operarios y ya sobrepas\u00f3 la capacidad de almacenamiento de  producci\u00f3n que no pueden enviar a su destino por los cortes de rutas.  <br \/>Adem\u00e1s, se est\u00e1n quedando sin materia prima, inform\u00f3 Maza. <br \/>&#8220;Estamos  tratando de consensuar para evitar despidos y adelantos de vacaciones,  decisiones que perjudican a los trabajadores&#8221;, argument\u00f3 el funcionario, al  comprender que &#8220;los gremios piden que no se vulneren los derechos de los  trabajadores y estamos dialogando para verificar las posibilidades que hay&#8221;.  <br \/>Maza avis\u00f3 que hay empresas que ya tomaron la decisi\u00f3n de suspender  operarios, entre ellas Hilados y Ritex. <br \/>Por eso, dijo que &#8220;vamos a buscar un  punto m\u00ednimo de coincidencias para que no se traslade esto a los trabajadores,  que no deben ser la variable en esta cuesti\u00f3n&#8221;. <\/p>\n<p>Buenos Aires, 18 junio  (NA) &#8212; La inflaci\u00f3n en el primer trimestre de 2008 respecto de igual per\u00edodo  del a\u00f1o anterior ascendi\u00f3 al 20 por ciento, seg\u00fan el Indice de Precios  Impl\u00edcitos (IPI) que dio a conocer hoy el INDEC, al difundir las cifras sobre el  crecimiento de la econom\u00eda. <br \/>Esa variaci\u00f3n de precios triplica a la inflaci\u00f3n  medida por el cuestionado Indice de precios al Consumidor (IPC), que entre el  primer trimestre de este a\u00f1o e igual per\u00edodo del a\u00f1o anterior, registra una suba  de precios del 8,8 por ciento. <br \/>Para los economistas, el \u00edndice IPI es m\u00e1s  completo que los dem\u00e1s indicadores como el de precios minoristas (IPC) o  mayoristas, porque incluye los precios de todos los bienes que conforman el  Producto Interno Bruto (PBI), mientras que el IPC s\u00f3lo incluye los bienes que  componen la canasta familiar. <br \/>El IPI se hab\u00eda ubicado en diciembre del 2007  en un 14,3 por ciento, seg\u00fan el \u00edndice de precios impl\u00edcitos del PBI que inform\u00f3  el organismo estad\u00edstico oficial. <br \/>Para el mismo per\u00edodo, el INDEC registr\u00f3  que la inflaci\u00f3n del 2007, medida por Indice de Precios al Consumidor (IPC)  hab\u00eda sido del 8,5 por ciento, es decir casi seis puntos por debajo del IPI, del  mismo a\u00f1o. <br \/>Las cifras oficiales dadas a conocer por el INDEC registran que  el IP de todo el 2006 arroj\u00f3 una variaci\u00f3n de precios 13,4 por ciento, mientras  que el IPC de ese fue del 9,8 por ciento. <\/p>\n<p>Buenos Aires, 18 junio (NA) &#8212;  El jefe de Gabinete, Alberto Fern\u00e1ndez, confirm\u00f3 que el Gobierno nacional tiene  abierta la posibilidad de impulsar un impuesto a la &#8220;renta financiera&#8221;, \u00fanico  sector que no paga gravamen alguno. <br \/>&#8220;Hay cosas puntuales que s\u00ed deber\u00edamos  trabajar. Por ejemplo, todo el tema de la renta financiera es un tema&#8221;, dijo  Fern\u00e1ndez. <br \/>El funcionario se pronunci\u00f3 de esa forma tras considerar, en  declaraciones period\u00edsticas, que &#8220;queda much\u00edsimo por hacer en materia de la  redistribuci\u00f3n del ingreso&#8221;. <br \/>Fern\u00e1ndez reconoci\u00f3 que en el pa\u00eds a\u00fan &#8220;hay  cosas para corregir&#8221; en torno a la cuesti\u00f3n impositiva, pero de todos modos  destac\u00f3 que los impuestos sobre el consumo -los que m\u00e1s afectan a los sectores  con ingresos fijos- &#8220;no tienen el peso&#8221; que ten\u00edan a\u00f1os atr\u00e1s con respecto a la  recaudaci\u00f3n total. <br \/>&#8220;En el ingreso general, el impuesto al consumo representa  menos que en otros tiempos&#8221;, destac\u00f3 el jefe de Gabinete de ministros. <br \/>La  reforma impositiva, dentro de la cual se plantea la necesidad de gravar la renta  financiera, forma parte de los reclamos de la dirigencia del campo que busca que  la redistribuci\u00f3n del ingreso sea asumida por todos los sectores y no s\u00f3lo por  el agro y la industria.<\/div>\n<\/p><\/div>\n","protected":false},"excerpt":{"rendered":"<div><span style=\"color: #0000ff;\">Nuevos datos: Suspensiones de personal, inflaci\u00f3n asumida y  aumento de la voracidad fiscal<\/span><\/div>\n<div><\/div>\n<div>\n<div>La Rioja, 18 junio (NA) &#8212; Las principales industrias  textiles riojanas est\u00e1n comenzando a suspender personal o a disponer licencias  anticipadas, debido a que no tienen insumos suficientes para continuar  produciendo por los cortes de rutas derivados de la protesta del campo, que  impiden la llegada de las cargas. <br \/>El tema fue analizado este mi\u00e9rcoles por  el subsecretario de Trabajo, Nicol\u00e1s Maza, y los sindicatos textiles de la  provincia.<\/p>\n","protected":false},"author":1,"featured_media":73547,"comment_status":"closed","ping_status":"open","sticky":false,"template":"","format":"standard","meta":{"footnotes":""},"categories":[3],"tags":[],"class_list":["post-72221","post","type-post","status-publish","format-standard","has-post-thumbnail","hentry","category-ultimas-noticias"],"_links":{"self":[{"href":"https:\/\/ic.tecnopc.com.ar\/index.php\/wp-json\/wp\/v2\/posts\/72221","targetHints":{"allow":["GET"]}}],"collection":[{"href":"https:\/\/ic.tecnopc.com.ar\/index.php\/wp-json\/wp\/v2\/posts"}],"about":[{"href":"https:\/\/ic.tecnopc.com.ar\/index.php\/wp-json\/wp\/v2\/types\/post"}],"author":[{"embeddable":true,"href":"https:\/\/ic.tecnopc.com.ar\/index.php\/wp-json\/wp\/v2\/users\/1"}],"replies":[{"embeddable":true,"href":"https:\/\/ic.tecnopc.com.ar\/index.php\/wp-json\/wp\/v2\/comments?post=72221"}],"version-history":[{"count":0,"href":"https:\/\/ic.tecnopc.com.ar\/index.php\/wp-json\/wp\/v2\/posts\/72221\/revisions"}],"wp:featuredmedia":[{"embeddable":true,"href":"https:\/\/ic.tecnopc.com.ar\/index.php\/wp-json\/"}],"wp:attachment":[{"href":"https:\/\/ic.tecnopc.com.ar\/index.php\/wp-json\/wp\/v2\/media?parent=72221"}],"wp:term":[{"taxonomy":"category","embeddable":true,"href":"https:\/\/ic.tecnopc.com.ar\/index.php\/wp-json\/wp\/v2\/categories?post=72221"},{"taxonomy":"post_tag","embeddable":true,"href":"https:\/\/ic.tecnopc.com.ar\/index.php\/wp-json\/wp\/v2\/tags?post=72221"}],"curies":[{"name":"wp","href":"https:\/\/api.w.org\/{rel}","templated":true}]}}