{"id":72228,"date":"2008-07-22T03:00:00","date_gmt":"2008-07-22T06:00:00","guid":{"rendered":"http:\/\/martineziuliano.com.ar\/web\/atencion-a-clientes-573\/"},"modified":"2008-07-22T03:00:00","modified_gmt":"2008-07-22T06:00:00","slug":"atencion-a-clientes-573","status":"publish","type":"post","link":"https:\/\/ic.tecnopc.com.ar\/index.php\/2008\/07\/22\/atencion-a-clientes-573\/","title":{"rendered":"ATENCI\u00d3N A CLIENTES"},"content":{"rendered":"<div><span style=\"color: #0000ff;\">Vacaciones de Invierno- Feria Fiscal y Judicial<\/span><\/div>\n<div><\/div>\n<div>\n<div>La primera semana de feria judicial y fiscal, entre el 28\/07  y el 01\/08 del corriente, atender\u00e1n en nuestro Estudio la Dra. Sorace y el Dr.  Cooreman para consultas jur\u00eddicas y contable-impositivas,  respectivamente. Ante cualquier duda, rogamos cursar todos env\u00edos por e-mail  con copia a las siguientes casillas:<br \/>Dra. Marina Sorace:  marinasorace@ciudad.com.ar<br \/>Dr. Dami\u00e1n Cooreman:  mi_asociados@ciudad.com.ar<\/div>\n<\/p><\/div>\n","protected":false},"excerpt":{"rendered":"<div><span style=\"color: #0000ff;\">Vacaciones de Invierno- Feria Fiscal y Judicial<\/span><\/div>\n<div><\/div>\n<div>\n<div>La primera semana de feria judicial y fiscal, entre el 28\/07  y el 01\/08 del corriente, atender\u00e1n en nuestro Estudio la Dra. Sorace y el Dr.  Cooreman para consultas jur\u00eddicas y contable-impositivas,  respectivamente.<\/p>\n","protected":false},"author":1,"featured_media":73547,"comment_status":"closed","ping_status":"open","sticky":false,"template":"","format":"standard","meta":{"footnotes":""},"categories":[3],"tags":[],"class_list":["post-72228","post","type-post","status-publish","format-standard","has-post-thumbnail","hentry","category-ultimas-noticias"],"_links":{"self":[{"href":"https:\/\/ic.tecnopc.com.ar\/index.php\/wp-json\/wp\/v2\/posts\/72228","targetHints":{"allow":["GET"]}}],"collection":[{"href":"https:\/\/ic.tecnopc.com.ar\/index.php\/wp-json\/wp\/v2\/posts"}],"about":[{"href":"https:\/\/ic.tecnopc.com.ar\/index.php\/wp-json\/wp\/v2\/types\/post"}],"author":[{"embeddable":true,"href":"https:\/\/ic.tecnopc.com.ar\/index.php\/wp-json\/wp\/v2\/users\/1"}],"replies":[{"embeddable":true,"href":"https:\/\/ic.tecnopc.com.ar\/index.php\/wp-json\/wp\/v2\/comments?post=72228"}],"version-history":[{"count":0,"href":"https:\/\/ic.tecnopc.com.ar\/index.php\/wp-json\/wp\/v2\/posts\/72228\/revisions"}],"wp:featuredmedia":[{"embeddable":true,"href":"https:\/\/ic.tecnopc.com.ar\/index.php\/wp-json\/"}],"wp:attachment":[{"href":"https:\/\/ic.tecnopc.com.ar\/index.php\/wp-json\/wp\/v2\/media?parent=72228"}],"wp:term":[{"taxonomy":"category","embeddable":true,"href":"https:\/\/ic.tecnopc.com.ar\/index.php\/wp-json\/wp\/v2\/categories?post=72228"},{"taxonomy":"post_tag","embeddable":true,"href":"https:\/\/ic.tecnopc.com.ar\/index.php\/wp-json\/wp\/v2\/tags?post=72228"}],"curies":[{"name":"wp","href":"https:\/\/api.w.org\/{rel}","templated":true}]}}