{"id":72233,"date":"2008-08-21T03:00:00","date_gmt":"2008-08-21T06:00:00","guid":{"rendered":"http:\/\/martineziuliano.com.ar\/web\/factura-electronica-obligatoria\/"},"modified":"2008-08-21T03:00:00","modified_gmt":"2008-08-21T06:00:00","slug":"factura-electronica-obligatoria","status":"publish","type":"post","link":"https:\/\/ic.tecnopc.com.ar\/index.php\/2008\/08\/21\/factura-electronica-obligatoria\/","title":{"rendered":"FACTURA ELECTR\u00d3NICA OBLIGATORIA"},"content":{"rendered":"<div><span style=\"color: #0000ff;\">Ampl\u00edan a partir de noviembre el r\u00e9gimen de la factura  electr\u00f3nica<\/span><\/div>\n<div><\/div>\n<div>\n<div>Buenos Aires, 20 agosto (NA) &#8212; El titular de la AFIP,  Claudio Moroni, afirm\u00f3 hoy que en la Argentina &#8220;cada vez ser\u00e1 m\u00e1s dif\u00edcil evadir  impuestos&#8221;, al anunciar la ampliaci\u00f3n del r\u00e9gimen de factura electr\u00f3nica y un  nuevo registro selectivo en el que los contribuyentes deber\u00e1n aportar foto,  firma digital y hasta una huella dactilar en algunos casos. Moroni realiz\u00f3  los anuncios durante una exposici\u00f3n realizada en el seminario de la C\u00e1mara de  Exportadores de la Rep\u00fablica Argentina (CERA). <br \/>El titular de la AFIP se\u00f1al\u00f3  que la Argentina &#8220;ha entrado en un proceso en donde cada vez ser\u00e1 m\u00e1s dif\u00edcil  para operadores de determinado volumen tratar de eludir impuestos&#8221;. <br \/>&#8220;Este es  un camino inevitable que no dependen de una resoluci\u00f3n sino de una din\u00e1mica que  ha tomado la actividad econ\u00f3mica que tom\u00f3 las herramientas que usan todos y que  tom\u00f3 la propia AFIP&#8221;, en materia de tecnolog\u00eda digital, agreg\u00f3. <br \/>Moroni  agreg\u00f3 que &#8220;el avance de la administraci\u00f3n tributaria es necesario, porque  necesitamos mantener un Estado correctamente financiado y que le permitan  sostener pol\u00edticas p\u00fablicas&#8221;. <br \/>En el seminario, el subdirector general de  Fiscalizaci\u00f3n, Marcelo Costa, anunci\u00f3 que desde noviembre ser\u00e1 obligatorio el  uso de la factura electr\u00f3nica, clase &#8220;A&#8221; para las actividades de peajes,  servicios de software, publicidad y profesionales que tienen entre 300 y 600 mil  pesos de facturaci\u00f3n anual. <br \/>La factura electr\u00f3nica rige actualmente para las  actividades de TV por cable, medicina prepaga, telefon\u00eda celular, servicios de  Internet, limpieza, vigilancia y transportes de caudales. <br \/>Costa se\u00f1al\u00f3 que  el r\u00e9gimen de factura electr\u00f3nica &#8220;en un plazo de dos a\u00f1os, incluir\u00e1 a todos los  inscriptos en el IVA, que utilizan facturas &#8220;A&#8221;, ampliando a\u00fan m\u00e1s el control  tributario de la AFIP. <br \/>Moroni resalt\u00f3, en su exposici\u00f3n, que durante junio  pasado alrededor de 1.200 empresas o contribuyentes realizaron m\u00e1s de dos  millones de operaciones con facturas electr\u00f3nicas y que desde que se implement\u00f3  este r\u00e9gimen se realizaron m\u00e1s de 24 millones de operaciones en un a\u00f1o y medio  de vigencia. <br \/>Costa se\u00f1al\u00f3 que desde el 2009, la obligatoriedad de la factura  electr\u00f3nica no depender\u00e1 del tipo de factura sino del volumen de facturaci\u00f3n del  contribuyente, arrancando por un determinado nivel para ir baj\u00e1ndolo  gradualmente&#8221;. <br \/>Agreg\u00f3 que, a trav\u00e9s de p\u00e1gina de Internet de la AFIP, los  peque\u00f1os contribuyentes podr\u00e1n realizar facturas electr\u00f3nicas, un servicio que  estar\u00e1 disponible a partir de noviembre por el cual podr\u00e1 obtener el comprobante  de la operaci\u00f3n. <br \/>Este nuevo servicio de la AFIP podr\u00e1 tambi\u00e9n ser utilizado  por los monotributista para las transacciones con facturas tipo &#8220;C&#8221;. <br \/>Por su  parte, la subdirectora general de Recaudaci\u00f3n, Ana Mar\u00eda Garrel, anunci\u00f3 que  desde octubre pr\u00f3ximo comenzar\u00e1 un nuevo sistema registral selectivo para  algunos contribuyentes. <br \/>La funcionaria se\u00f1al\u00f3 que &#8220;se iniciar\u00e1 en forma  selectiva, la huella digital se utilizar\u00e1 para algunos casos que consideremos  necesarios, adem\u00e1s de una foto y una firma digital&#8221; que tendr\u00e1 que ser  registrada en la AFIP. <br \/>A partir de octubre ser\u00e1 obligatorio anotarse en este  registro para los nuevos contribuyentes y habr\u00e1 tambi\u00e9n un cronograma para los  contribuyentes que ya est\u00e1n registrados. <br \/>El nuevo sistema de identificaci\u00f3n  &#8220;ser\u00e1 selectivo y para determinados tipos de actividades&#8221;, seg\u00fan anunci\u00f3 Garrel,  quien dijo que comenzar\u00e1 con el sector de exportadores. <br \/>Garrel anunci\u00f3  tambi\u00e9n que en todas las agencias de la AFIP se abrir\u00e1n locutorios inform\u00e1ticos  para realizar tr\u00e1mites por Internet.<\/div>\n<\/p><\/div>\n","protected":false},"excerpt":{"rendered":"<div><span style=\"color: #0000ff;\">Ampl\u00edan a partir de noviembre el r\u00e9gimen de la factura  electr\u00f3nica<\/span><\/div>\n<div><\/div>\n<div>\n<div>Buenos Aires, 20 agosto (NA) &#8212; El titular de la AFIP,  Claudio Moroni, afirm\u00f3 hoy que en la Argentina &#8220;cada vez ser\u00e1 m\u00e1s dif\u00edcil evadir  impuestos&#8221;, al anunciar la ampliaci\u00f3n del r\u00e9gimen de factura electr\u00f3nica y un  nuevo registro selectivo en el que los contribuyentes deber\u00e1n aportar foto,  firma digital y hasta una huella dactilar en algunos casos.<\/p>\n","protected":false},"author":1,"featured_media":73547,"comment_status":"closed","ping_status":"open","sticky":false,"template":"","format":"standard","meta":{"footnotes":""},"categories":[3],"tags":[],"class_list":["post-72233","post","type-post","status-publish","format-standard","has-post-thumbnail","hentry","category-ultimas-noticias"],"_links":{"self":[{"href":"https:\/\/ic.tecnopc.com.ar\/index.php\/wp-json\/wp\/v2\/posts\/72233","targetHints":{"allow":["GET"]}}],"collection":[{"href":"https:\/\/ic.tecnopc.com.ar\/index.php\/wp-json\/wp\/v2\/posts"}],"about":[{"href":"https:\/\/ic.tecnopc.com.ar\/index.php\/wp-json\/wp\/v2\/types\/post"}],"author":[{"embeddable":true,"href":"https:\/\/ic.tecnopc.com.ar\/index.php\/wp-json\/wp\/v2\/users\/1"}],"replies":[{"embeddable":true,"href":"https:\/\/ic.tecnopc.com.ar\/index.php\/wp-json\/wp\/v2\/comments?post=72233"}],"version-history":[{"count":0,"href":"https:\/\/ic.tecnopc.com.ar\/index.php\/wp-json\/wp\/v2\/posts\/72233\/revisions"}],"wp:featuredmedia":[{"embeddable":true,"href":"https:\/\/ic.tecnopc.com.ar\/index.php\/wp-json\/"}],"wp:attachment":[{"href":"https:\/\/ic.tecnopc.com.ar\/index.php\/wp-json\/wp\/v2\/media?parent=72233"}],"wp:term":[{"taxonomy":"category","embeddable":true,"href":"https:\/\/ic.tecnopc.com.ar\/index.php\/wp-json\/wp\/v2\/categories?post=72233"},{"taxonomy":"post_tag","embeddable":true,"href":"https:\/\/ic.tecnopc.com.ar\/index.php\/wp-json\/wp\/v2\/tags?post=72233"}],"curies":[{"name":"wp","href":"https:\/\/api.w.org\/{rel}","templated":true}]}}