{"id":72238,"date":"2008-09-02T03:00:00","date_gmt":"2008-09-02T06:00:00","guid":{"rendered":"http:\/\/martineziuliano.com.ar\/web\/economia-dia-pleno-de-anuncios\/"},"modified":"2008-09-02T03:00:00","modified_gmt":"2008-09-02T06:00:00","slug":"economia-dia-pleno-de-anuncios","status":"publish","type":"post","link":"https:\/\/ic.tecnopc.com.ar\/index.php\/2008\/09\/02\/economia-dia-pleno-de-anuncios\/","title":{"rendered":"ECONOM\u00cdA: D\u00cdA PLENO DE ANUNCIOS"},"content":{"rendered":"<div><span style=\"color: #0000ff;\">Industriales celebraron anuncio de cancelaci\u00f3n de deuda con  el Club de Par\u00eds y de medidas antidumping y de fomento<\/span><\/div>\n<div><\/div>\n<div>\n<div>Buenos Aires, 2 septiembre (NA) &#8212; La presidenta Cristina  Kirchner anunci\u00f3 hoy medidas de financiamiento para pymes industriales, y  destac\u00f3 la firma de un decreto que otorga m\u00e1s protecci\u00f3n a las f\u00e1bricas locales  acelerando mecanismos de antidumping, al celebrar el D\u00eda de la Industria en la  Casa Rosada. <br \/>Al anunciar el decreto antidumping, la Presidenta asegur\u00f3 que  este &#8220;es un reclamo largamente esperado por el sector y que tiene por objeto  facilitar y aportar todos los procedimientos y tiempos en materia de denuncia de  dumping como protecci\u00f3n a la industria&#8221;. Asimismo, destac\u00f3 la necesidad de  articular &#8220;acuerdos provechosos para todos, para los que reciben los cr\u00e9ditos y  para los que proveen el material&#8221;. <br \/>En el mismo contexto, en presencia de los  industriales, Cristina se\u00f1al\u00f3, adem\u00e1s, que firm\u00f3 un decreto para &#8220;dar protecci\u00f3n  a la industria contra el d\u00famping&#8221;, tras considerar que &#8220;la protecci\u00f3n debe tener  el correlato de la eficiencia, sino deviene en proteccionismo, ineficiencia y  transferencia injusta de un sector&#8221;. <br \/>Al respecto, la jefa de Estado sostuvo  que esa &#8220;protecci\u00f3n&#8221; de la industria no debe tener &#8220;impacto ni en precio, ni  calidad, ni tiempo de entrega de los productos&#8221;, y agreg\u00f3 que esto es importante  tras considerar que los modelos industrialistas &#8220;se atacaron los modelos  industrialistas fue la ineficiencia que ten\u00eda el sector a partir de medidas de  protecci\u00f3n o promoci\u00f3n que deven\u00eda falta de competitividad y transferencias  fiscales injustas de un sector hacia el otro&#8221;. <br \/>Tambi\u00e9n anticip\u00f3 que el lunes  pr\u00f3ximo, en Brasil, firmar\u00e1 con el banco estatal BNDS &#8220;planes de financiamiento  &#8211; por 200 millones de d\u00f3lares- para cadenas de valor asociativas entre Argentina  y Brasil, que ayudar\u00e1 a insertar a nuestros productores en el mundo&#8221;. <br \/>Aclar\u00f3  que esos cr\u00e9ditos &#8220;ser\u00e1n para que se compre maquinaria fabricada en Argentina&#8221;,  los mismos ser\u00e1n firmados en el marco de la reuni\u00f3n que la pr\u00f3xima semana  mantendr\u00e1 en Pernambuco con su par brasile\u00f1o, Luiz Inacio Lula Da Silva. <br \/>En  este marco, la Presidenta destac\u00f3 que la industria &#8220;creci\u00f3 notablemente a partir  de 2003, y gener\u00f3 una movilidad empresarial ascendente&#8221;. <br \/>La Presidenta se  expres\u00f3 de esta manera de un acto multitudinario, con la presencia de los  integrantes del gabinete nacional, la Uni\u00f3n Industrial Argentina, entidad que  pospuso el festejo del d\u00eda de la Industria para el 18 de septiembre. <br \/>Los  anuncios fueron bien recibidos por industriales como el titular de la UIPBA  bonaerense, Osvaldo Rial, quien consider\u00f3 que &#8220;la industria nacional se ver\u00e1  favorecida porque se acortar\u00e1n en forma sustancial los plazos para la aplicaci\u00f3n  de derechos antidumping provisionales y definitivos&#8221;. <br \/>Destac\u00f3 tambi\u00e9n la  posibilidad de que &#8220;dichos derechos definitivos se puedan percibir  retroactivamente en una fecha cercana a la apertura de la investigaci\u00f3n&#8221;.  <br \/>&#8220;Este es un antiguo reclamo del sector industrial, lo cual lo hace mucho m\u00e1s  efectivo para los productores&#8221;, sostuvo el titular de la UIPBA. <br \/>Adem\u00e1s, de  las autoridades de la UIA participaron el titular de la CGT, Hugo Moyano, entre  otros gremialistas, empresarios, y varios gobernadores, como Daniel Scioli  (Buenos Aires); Juan Carlos Schiaretti (C\u00f3rdoba), Hermes Binner (Santa Fe),  Jorge Capitanich (Chaco), Gerardo Zamora (Santiago del Estero), Sergio Urribarri  (Entre R\u00edos), Gildo Insfr\u00e1n (Formosa), Mario Das Neves (Chubut), Luis Beder  Herrera (La Rioja) y Juan Manuel Urtubey.<\/div>\n<\/p><\/div>\n","protected":false},"excerpt":{"rendered":"<div><span style=\"color: #0000ff;\">Industriales celebraron anuncio de cancelaci\u00f3n de deuda con  el Club de Par\u00eds y de medidas antidumping y de fomento<\/span><\/div>\n<div><\/div>\n<div>\n<div>Buenos Aires, 2 septiembre (NA) &#8212; La presidenta Cristina  Kirchner anunci\u00f3 hoy medidas de financiamiento para pymes industriales, y  destac\u00f3 la firma de un decreto que otorga m\u00e1s protecci\u00f3n a las f\u00e1bricas locales  acelerando mecanismos de antidumping, al celebrar el D\u00eda de la Industria en la  Casa Rosada. <br \/>Al anunciar el decreto antidumping, la Presidenta asegur\u00f3 que  este &#8220;es un reclamo largamente esperado por el sector y que tiene por objeto  facilitar y aportar todos los procedimientos y tiempos en materia de denuncia de  dumping como protecci\u00f3n a la industria&#8221;.<\/p>\n","protected":false},"author":1,"featured_media":73547,"comment_status":"closed","ping_status":"open","sticky":false,"template":"","format":"standard","meta":{"footnotes":""},"categories":[3],"tags":[],"class_list":["post-72238","post","type-post","status-publish","format-standard","has-post-thumbnail","hentry","category-ultimas-noticias"],"_links":{"self":[{"href":"https:\/\/ic.tecnopc.com.ar\/index.php\/wp-json\/wp\/v2\/posts\/72238","targetHints":{"allow":["GET"]}}],"collection":[{"href":"https:\/\/ic.tecnopc.com.ar\/index.php\/wp-json\/wp\/v2\/posts"}],"about":[{"href":"https:\/\/ic.tecnopc.com.ar\/index.php\/wp-json\/wp\/v2\/types\/post"}],"author":[{"embeddable":true,"href":"https:\/\/ic.tecnopc.com.ar\/index.php\/wp-json\/wp\/v2\/users\/1"}],"replies":[{"embeddable":true,"href":"https:\/\/ic.tecnopc.com.ar\/index.php\/wp-json\/wp\/v2\/comments?post=72238"}],"version-history":[{"count":0,"href":"https:\/\/ic.tecnopc.com.ar\/index.php\/wp-json\/wp\/v2\/posts\/72238\/revisions"}],"wp:featuredmedia":[{"embeddable":true,"href":"https:\/\/ic.tecnopc.com.ar\/index.php\/wp-json\/"}],"wp:attachment":[{"href":"https:\/\/ic.tecnopc.com.ar\/index.php\/wp-json\/wp\/v2\/media?parent=72238"}],"wp:term":[{"taxonomy":"category","embeddable":true,"href":"https:\/\/ic.tecnopc.com.ar\/index.php\/wp-json\/wp\/v2\/categories?post=72238"},{"taxonomy":"post_tag","embeddable":true,"href":"https:\/\/ic.tecnopc.com.ar\/index.php\/wp-json\/wp\/v2\/tags?post=72238"}],"curies":[{"name":"wp","href":"https:\/\/api.w.org\/{rel}","templated":true}]}}