{"id":72244,"date":"2008-10-07T03:00:00","date_gmt":"2008-10-07T06:00:00","guid":{"rendered":"http:\/\/martineziuliano.com.ar\/web\/afip-novedad-en-asignaciones-familiares\/"},"modified":"2008-10-07T03:00:00","modified_gmt":"2008-10-07T06:00:00","slug":"afip-novedad-en-asignaciones-familiares","status":"publish","type":"post","link":"https:\/\/ic.tecnopc.com.ar\/index.php\/2008\/10\/07\/afip-novedad-en-asignaciones-familiares\/","title":{"rendered":"AFIP: NOVEDAD EN ASIGNACIONES FAMILIARES"},"content":{"rendered":"<div><span style=\"color: #0000ff;\">Oficializan suba del 35% en las asignaciones familiares<\/span><\/div>\n<p>Fuente: Infobae Profesional, viernes 3 de octubre de 2008 <br \/>El Gobierno  oficializ\u00f3 la mejora del 35% en las asignaciones familiares que reciben los  trabajadores.<\/p>\n<p>Tal como oportunamente manifest\u00f3 el ministro de Trabajo,  Carlos Tomada, el beneficio es aplicable a partir de los salarios de septiembre,  aunque debido a la fecha de publicaci\u00f3n del decreto, el impacto en los bolsillos  de los trabajadores reci\u00e9n se sentir\u00e1 en los primeros d\u00edas del pr\u00f3ximo mes al  cobrar el sueldo de octubre. <br \/>La mejora se dio a conocer mediante la  publicaci\u00f3n del decreto 1591 publicado en el Bolet\u00edn Oficial. Fuente: Infobae  Profesional, jueves 2 de octubre de 2008 <br \/>Con nuevos valores, la ANSES  concluye la reformulaci\u00f3n del pago del salario familiar. Una vez que las  empresas liquiden el sueldo correspondiente a este mes, la Administraci\u00f3n  Nacional de la Seguridad Social (ANSES) habr\u00e1 concluido con la reformulaci\u00f3n del  pago del salario familiar.<br \/>De esta manera comienza a despedirse el Sistema de  Fondo Compensador (SFC) para dar paso al Sistema \u00danico de Asignaciones  Familiares (SUAF), que apunta a simplificar la tarea de las compa\u00f1\u00edas.<br \/>El SFC  establece que es el empleador quien paga ciertas asignaciones, como por ejemplo  hijo o escolaridad, y luego las compensa al presentar la liquidaci\u00f3n mensual de  cargas sociales. <br \/>En contraposici\u00f3n, se encuentra el SUAF donde ya no  interviene el empleador en el pago, sino que la cancelaci\u00f3n se gestiona a trav\u00e9s  de la ANSES. Es decir, el monto de las asignaciones se deposita directamente en  una cuenta bancaria que puede ser la de sueldos u otra.<\/p>\n","protected":false},"excerpt":{"rendered":"<div><span style=\"color: #0000ff;\">Oficializan suba del 35% en las asignaciones familiares<\/span><\/div>\n<p>Fuente: Infobae Profesional, viernes 3 de octubre de 2008 <br \/>El Gobierno  oficializ\u00f3 la mejora del 35% en las asignaciones familiares que reciben los  trabajadores.<\/p>\n<p>\n","protected":false},"author":1,"featured_media":73547,"comment_status":"closed","ping_status":"open","sticky":false,"template":"","format":"standard","meta":{"footnotes":""},"categories":[3],"tags":[],"class_list":["post-72244","post","type-post","status-publish","format-standard","has-post-thumbnail","hentry","category-ultimas-noticias"],"_links":{"self":[{"href":"https:\/\/ic.tecnopc.com.ar\/index.php\/wp-json\/wp\/v2\/posts\/72244","targetHints":{"allow":["GET"]}}],"collection":[{"href":"https:\/\/ic.tecnopc.com.ar\/index.php\/wp-json\/wp\/v2\/posts"}],"about":[{"href":"https:\/\/ic.tecnopc.com.ar\/index.php\/wp-json\/wp\/v2\/types\/post"}],"author":[{"embeddable":true,"href":"https:\/\/ic.tecnopc.com.ar\/index.php\/wp-json\/wp\/v2\/users\/1"}],"replies":[{"embeddable":true,"href":"https:\/\/ic.tecnopc.com.ar\/index.php\/wp-json\/wp\/v2\/comments?post=72244"}],"version-history":[{"count":0,"href":"https:\/\/ic.tecnopc.com.ar\/index.php\/wp-json\/wp\/v2\/posts\/72244\/revisions"}],"wp:featuredmedia":[{"embeddable":true,"href":"https:\/\/ic.tecnopc.com.ar\/index.php\/wp-json\/"}],"wp:attachment":[{"href":"https:\/\/ic.tecnopc.com.ar\/index.php\/wp-json\/wp\/v2\/media?parent=72244"}],"wp:term":[{"taxonomy":"category","embeddable":true,"href":"https:\/\/ic.tecnopc.com.ar\/index.php\/wp-json\/wp\/v2\/categories?post=72244"},{"taxonomy":"post_tag","embeddable":true,"href":"https:\/\/ic.tecnopc.com.ar\/index.php\/wp-json\/wp\/v2\/tags?post=72244"}],"curies":[{"name":"wp","href":"https:\/\/api.w.org\/{rel}","templated":true}]}}