{"id":72264,"date":"2008-12-22T03:00:00","date_gmt":"2008-12-22T05:00:00","guid":{"rendered":"http:\/\/martineziuliano.com.ar\/web\/pasantias-educativas\/"},"modified":"2008-12-22T03:00:00","modified_gmt":"2008-12-22T05:00:00","slug":"pasantias-educativas","status":"publish","type":"post","link":"https:\/\/ic.tecnopc.com.ar\/index.php\/2008\/12\/22\/pasantias-educativas\/","title":{"rendered":"PASANT\u00cdAS EDUCATIVAS"},"content":{"rendered":"<div><span style=\"color: #0000ff;\">Se crea un nuevo Sistema de Pasant\u00edas Educativas<\/span><\/div>\n<p>En el marco del sistema educativo nacional, reemplazar\u00e1 a los reg\u00edmenes de  pasant\u00edas vigentes, con el principal objetivo de eliminar el trabajo encubierto.<\/p>\n<p>En tal sentido, se derogan la ley 25165 (Ley de pasant\u00edas educativas),  el art\u00edculo 2 de la ley 25013 (Pasant\u00edas de Formaci\u00f3n Profesional), los decretos  340\/1992 (Sistema de Pasant\u00edas) y 93\/1995 (Sistema de Pasant\u00edas en la  Administraci\u00f3n P\u00fablica). <\/p>\n<p>Entre los puntos relevantes mencionamos: <br \/>\u2022  Se define a la pasant\u00eda educativa como el conjunto de actividades formativas que  realicen los estudiantes en empresas y organismos p\u00fablicos y empresas privadas  con personer\u00eda jur\u00eddica. <br \/>\u2022 Las pasant\u00edas educativas no originan ning\u00fan tipo  de relaci\u00f3n laboral entre el pasante y la empresa u organizaci\u00f3n en la que \u00e9stas  se desarrollan. Esta figura no podr\u00e1 ser utilizada para cubrir vacantes o  creaci\u00f3n de empleo nuevo ni para reemplazar al personal de las empresas y  organizaciones p\u00fablicas y privadas. <br \/>\u2022 Se mantienen el seguro de salud, la  cobertura por riesgos de trabajo y condiciones de higiene. <br \/>\u2022 Si luego de la  pasant\u00eda educativa se contrata a la persona por tiempo indeterminado, no se  podr\u00e1 hacer uso del per\u00edodo de prueba del art\u00edculo 92 bis de la LCT<br \/>\u2022 La  duraci\u00f3n y la carga horaria de las pasant\u00edas educativas estar\u00e1n definidas en los  convenios y seg\u00fan las caracter\u00edsticas de las actividades a desarrollar,  estableci\u00e9ndose plazo m\u00ednimo de 2 meses y m\u00e1ximos de 12 meses, con una carga  semanal de 20 horas, pudiendo renovarse por hasta seis meses adicionales. <br \/>\u2022  Los pasantes recibir\u00e1n una suma de dinero en car\u00e1cter no remunerativo en calidad  de asignaci\u00f3n est\u00edmulo, que no podr\u00e1 ser inferior al salario b\u00e1sico del convenio  colectivo aplicable a la empresa, y que ser\u00e1 proporcional a la carga horaria de  la pasant\u00eda. <br \/>\u2022 En caso de incumplimiento de esta normativa, la pasant\u00eda  educativa perder\u00e1 el car\u00e1cter de tal y ser\u00e1 considerada contrato laboral por  tiempo indeterminado. En caso de de duda se entender\u00e1 que la relaci\u00f3n entre el  pasante y la empresa es de naturaleza laboral y se aplicar\u00e1 el r\u00e9gimen de  contrato de trabajo. <br \/>Los contratos de pasant\u00edas que se encuentren vigentes  al momento de la promulgaci\u00f3n de la ley (18\/12\/2008) deber\u00e1n adecuarse a sus  prescripciones en el t\u00e9rmino de 180 d\u00edas, excepto en lo referido al art\u00edculo 13,  sobre duraci\u00f3n de las pasant\u00edas educativas, los que se cumplir\u00e1n hasta la  finalizaci\u00f3n del plazo originalmente suscripto, no pudiendo ser renovados ni  prorrogados.<\/p>\n","protected":false},"excerpt":{"rendered":"<div><span style=\"color: #0000ff;\">Se crea un nuevo Sistema de Pasant\u00edas Educativas<\/span><\/div>\n<p>En el marco del sistema educativo nacional, reemplazar\u00e1 a los reg\u00edmenes de  pasant\u00edas vigentes, con el principal objetivo de eliminar el trabajo encubierto.<\/p>\n<p>\n","protected":false},"author":1,"featured_media":73547,"comment_status":"closed","ping_status":"open","sticky":false,"template":"","format":"standard","meta":{"footnotes":""},"categories":[3],"tags":[],"class_list":["post-72264","post","type-post","status-publish","format-standard","has-post-thumbnail","hentry","category-ultimas-noticias"],"_links":{"self":[{"href":"https:\/\/ic.tecnopc.com.ar\/index.php\/wp-json\/wp\/v2\/posts\/72264","targetHints":{"allow":["GET"]}}],"collection":[{"href":"https:\/\/ic.tecnopc.com.ar\/index.php\/wp-json\/wp\/v2\/posts"}],"about":[{"href":"https:\/\/ic.tecnopc.com.ar\/index.php\/wp-json\/wp\/v2\/types\/post"}],"author":[{"embeddable":true,"href":"https:\/\/ic.tecnopc.com.ar\/index.php\/wp-json\/wp\/v2\/users\/1"}],"replies":[{"embeddable":true,"href":"https:\/\/ic.tecnopc.com.ar\/index.php\/wp-json\/wp\/v2\/comments?post=72264"}],"version-history":[{"count":0,"href":"https:\/\/ic.tecnopc.com.ar\/index.php\/wp-json\/wp\/v2\/posts\/72264\/revisions"}],"wp:featuredmedia":[{"embeddable":true,"href":"https:\/\/ic.tecnopc.com.ar\/index.php\/wp-json\/"}],"wp:attachment":[{"href":"https:\/\/ic.tecnopc.com.ar\/index.php\/wp-json\/wp\/v2\/media?parent=72264"}],"wp:term":[{"taxonomy":"category","embeddable":true,"href":"https:\/\/ic.tecnopc.com.ar\/index.php\/wp-json\/wp\/v2\/categories?post=72264"},{"taxonomy":"post_tag","embeddable":true,"href":"https:\/\/ic.tecnopc.com.ar\/index.php\/wp-json\/wp\/v2\/tags?post=72264"}],"curies":[{"name":"wp","href":"https:\/\/api.w.org\/{rel}","templated":true}]}}