{"id":72266,"date":"2008-12-23T03:00:00","date_gmt":"2008-12-23T05:00:00","guid":{"rendered":"http:\/\/martineziuliano.com.ar\/web\/profesionaes-se-viene-la-factura-electronica\/"},"modified":"2008-12-23T03:00:00","modified_gmt":"2008-12-23T05:00:00","slug":"profesionaes-se-viene-la-factura-electronica","status":"publish","type":"post","link":"https:\/\/ic.tecnopc.com.ar\/index.php\/2008\/12\/23\/profesionaes-se-viene-la-factura-electronica\/","title":{"rendered":"PROFESIONAES: SE VIENE LA FACTURA ELECTR\u00d3NICA"},"content":{"rendered":"<div><span style=\"color: #0000ff;\">La AFIP tiene todo listo para obligar a los  profesionales<\/span><\/div>\n<div><span style=\"color: #0000ff;\"><br \/><\/span><\/div>\n<div>Infobae Profesional, diciembre de 2008 &#8212; La Administraci\u00f3n  Federal de Ingresos P\u00fablicos (AFIP) ya tiene todo listo para en menos de dos  semanas obligar a los profesionales a facturar de manera  electr\u00f3nica.<\/div>\n<div>Puntualmente, la nueva etapa alcanzar\u00e1 -entre otras profesiones-  a contadores y abogados que facturen m\u00e1s de $600.000 al a\u00f1o. Por lo tanto, el  facturador online que obligaba a los profesionales con una facturaci\u00f3n mayor a  $300.000 y menor a $600.000 pasa a ser optativo. <br \/>Desde la AFIP confirmaron a  iProfesional.com que el esquema de implementaci\u00f3n sigue sin cambios y que -hasta  el momento- no se tiene previsto otorgar una nueva pr\u00f3rroga. El objetivo a largo  plazo consiste en que a m\u00e1s tardar en tres a\u00f1os todas las facturas tipo &#8220;A&#8221; se  emitan electr\u00f3nicamente. <br \/>Vale tener presente que ante los m\u00faltiples reclamos  de las entidades que agrupan a los profesionales, el fisco decidi\u00f3 prorrogar  hasta el 2009 la llegada del comprobante virtual a los estudios profesionales.  Originalmente, la implementaci\u00f3n estaba prevista para el 1\u00ba de noviembre  pasado<\/div>\n","protected":false},"excerpt":{"rendered":"<div><span style=\"color: #0000ff;\">La AFIP tiene todo listo para obligar a los  profesionales<\/span><\/div>\n<div><span style=\"color: #0000ff;\"><br \/><\/span><\/div>\n<div>Infobae Profesional, diciembre de 2008 &#8212; La Administraci\u00f3n  Federal de Ingresos P\u00fablicos (AFIP) ya tiene todo listo para en menos de dos  semanas obligar a los profesionales a facturar de manera  electr\u00f3nica.<\/div>\n<div>\n","protected":false},"author":1,"featured_media":73547,"comment_status":"closed","ping_status":"open","sticky":false,"template":"","format":"standard","meta":{"footnotes":""},"categories":[3],"tags":[],"class_list":["post-72266","post","type-post","status-publish","format-standard","has-post-thumbnail","hentry","category-ultimas-noticias"],"_links":{"self":[{"href":"https:\/\/ic.tecnopc.com.ar\/index.php\/wp-json\/wp\/v2\/posts\/72266","targetHints":{"allow":["GET"]}}],"collection":[{"href":"https:\/\/ic.tecnopc.com.ar\/index.php\/wp-json\/wp\/v2\/posts"}],"about":[{"href":"https:\/\/ic.tecnopc.com.ar\/index.php\/wp-json\/wp\/v2\/types\/post"}],"author":[{"embeddable":true,"href":"https:\/\/ic.tecnopc.com.ar\/index.php\/wp-json\/wp\/v2\/users\/1"}],"replies":[{"embeddable":true,"href":"https:\/\/ic.tecnopc.com.ar\/index.php\/wp-json\/wp\/v2\/comments?post=72266"}],"version-history":[{"count":0,"href":"https:\/\/ic.tecnopc.com.ar\/index.php\/wp-json\/wp\/v2\/posts\/72266\/revisions"}],"wp:featuredmedia":[{"embeddable":true,"href":"https:\/\/ic.tecnopc.com.ar\/index.php\/wp-json\/"}],"wp:attachment":[{"href":"https:\/\/ic.tecnopc.com.ar\/index.php\/wp-json\/wp\/v2\/media?parent=72266"}],"wp:term":[{"taxonomy":"category","embeddable":true,"href":"https:\/\/ic.tecnopc.com.ar\/index.php\/wp-json\/wp\/v2\/categories?post=72266"},{"taxonomy":"post_tag","embeddable":true,"href":"https:\/\/ic.tecnopc.com.ar\/index.php\/wp-json\/wp\/v2\/tags?post=72266"}],"curies":[{"name":"wp","href":"https:\/\/api.w.org\/{rel}","templated":true}]}}