{"id":72272,"date":"2009-01-23T03:00:00","date_gmt":"2009-01-23T05:00:00","guid":{"rendered":"http:\/\/martineziuliano.com.ar\/web\/afip-blanqueo\/"},"modified":"2009-01-23T03:00:00","modified_gmt":"2009-01-23T05:00:00","slug":"afip-blanqueo","status":"publish","type":"post","link":"https:\/\/ic.tecnopc.com.ar\/index.php\/2009\/01\/23\/afip-blanqueo\/","title":{"rendered":"AFIP: BLANQUEO"},"content":{"rendered":"<div><span style=\"color: #0000ff;\">El blanqueo de capitales, de personal y la regularizaci\u00f3n de  deudas se podr\u00e1 realizar entre marzo y agosto pr\u00f3ximo<\/span><\/div>\n<p>Si bien la Administraci\u00f3n Federal de Ingresos P\u00fablicos (AFIP) tiene la  reglamentaci\u00f3n del plan anticrisis bajo siete llaves, iProfesional.com tuvo  acceso exclusivo al texto<\/p>\n<p> \u2013que luego de ser aprobado por la presidenta Cristina  Fern\u00e1ndez de Kirchner- fijar\u00e1 las pautas a seguir para blanquear capitales y  regularizar deudas fiscales.<br \/>Puntualmente, el borrador que ya fue enviado a  las agencias del fisco nacional establece los plazos, la forma y las condiciones  particulares que deber\u00e1n respetar las personas y las empresas a fin de limpiar  sus \u201cantecedentes\u201d fiscales. <br \/>El primer punto que establece de manera  inequ\u00edvoca el anteproyecto refiere al plazo m\u00e1ximo que tendr\u00e1n los  contribuyentes para acceder a la amplia moratoria, regularizar personal a cargo  o \u201cblanquear\u201d capitales. Ese per\u00edodo va desde el 1\u00ba de marzo hasta el 31 de  agosto de pr\u00f3ximo inclusive.<br \/>Se encuentra a disposici\u00f3n de nuestros clientes,  en nuestro Estudio, la s\u00edntesis del borrador del decreto que ser\u00e1 publicado en  los pr\u00f3ximos d\u00edas, en forma oficial.<\/p>\n","protected":false},"excerpt":{"rendered":"<div><span style=\"color: #0000ff;\">El blanqueo de capitales, de personal y la regularizaci\u00f3n de  deudas se podr\u00e1 realizar entre marzo y agosto pr\u00f3ximo<\/span><\/div>\n<p>Si bien la Administraci\u00f3n Federal de Ingresos P\u00fablicos (AFIP) tiene la  reglamentaci\u00f3n del plan anticrisis bajo siete llaves, iProfesional.com tuvo  acceso exclusivo al texto<\/p>\n<p>\n","protected":false},"author":1,"featured_media":73547,"comment_status":"closed","ping_status":"open","sticky":false,"template":"","format":"standard","meta":{"footnotes":""},"categories":[3],"tags":[],"class_list":["post-72272","post","type-post","status-publish","format-standard","has-post-thumbnail","hentry","category-ultimas-noticias"],"_links":{"self":[{"href":"https:\/\/ic.tecnopc.com.ar\/index.php\/wp-json\/wp\/v2\/posts\/72272","targetHints":{"allow":["GET"]}}],"collection":[{"href":"https:\/\/ic.tecnopc.com.ar\/index.php\/wp-json\/wp\/v2\/posts"}],"about":[{"href":"https:\/\/ic.tecnopc.com.ar\/index.php\/wp-json\/wp\/v2\/types\/post"}],"author":[{"embeddable":true,"href":"https:\/\/ic.tecnopc.com.ar\/index.php\/wp-json\/wp\/v2\/users\/1"}],"replies":[{"embeddable":true,"href":"https:\/\/ic.tecnopc.com.ar\/index.php\/wp-json\/wp\/v2\/comments?post=72272"}],"version-history":[{"count":0,"href":"https:\/\/ic.tecnopc.com.ar\/index.php\/wp-json\/wp\/v2\/posts\/72272\/revisions"}],"wp:featuredmedia":[{"embeddable":true,"href":"https:\/\/ic.tecnopc.com.ar\/index.php\/wp-json\/"}],"wp:attachment":[{"href":"https:\/\/ic.tecnopc.com.ar\/index.php\/wp-json\/wp\/v2\/media?parent=72272"}],"wp:term":[{"taxonomy":"category","embeddable":true,"href":"https:\/\/ic.tecnopc.com.ar\/index.php\/wp-json\/wp\/v2\/categories?post=72272"},{"taxonomy":"post_tag","embeddable":true,"href":"https:\/\/ic.tecnopc.com.ar\/index.php\/wp-json\/wp\/v2\/tags?post=72272"}],"curies":[{"name":"wp","href":"https:\/\/api.w.org\/{rel}","templated":true}]}}