{"id":72274,"date":"2009-01-27T03:00:00","date_gmt":"2009-01-27T05:00:00","guid":{"rendered":"http:\/\/martineziuliano.com.ar\/web\/brasil-devaluacion-y-ahora-protecionismo\/"},"modified":"2009-01-27T03:00:00","modified_gmt":"2009-01-27T05:00:00","slug":"brasil-devaluacion-y-ahora-protecionismo","status":"publish","type":"post","link":"https:\/\/ic.tecnopc.com.ar\/index.php\/2009\/01\/27\/brasil-devaluacion-y-ahora-protecionismo\/","title":{"rendered":"BRASIL: DEVALUACI\u00d3N Y AHORA PROTECIONISMO"},"content":{"rendered":"<div><span style=\"color: #0000ff;\">Advierten que las medidas tomadas por Brasil perjudicar\u00e1 a  casi todas las ventas argentinas a ese pa\u00eds<\/span><\/div>\n<div><span style=\"color: #0000ff;\"><br \/><\/span><\/div>\n<div>Buenos Aires, 27 enero (NA) &#8212; Las restricciones al comercio  exterior adoptadas por Brasil &#8220;afectar\u00e1n casi la totalidad de exportaciones  argentinas a ese pa\u00eds&#8221; y las ventas seguir\u00e1n cayendo porque &#8220;tardar\u00e1 dos meses  en normalizarse&#8221; el comercio exterior con el principal comprador de productos  argentinos.<\/div>\n<div>As\u00ed lo advirti\u00f3 hoy el economista de la consultora Abeceb.com  Mauricio Claver\u00ed, quien explic\u00f3 que las medidas &#8220;frenar\u00edan las ventas o  importaciones a Brasil en los pr\u00f3ximos dos meses, y el intercambio comercial con  ese pa\u00eds tardar\u00eda tambi\u00e9n el miso tiempo en normalizarse&#8221;. <br \/>Claver\u00ed estim\u00f3  que &#8220;por este motivo las ventas a Brasil, seguir\u00e1n bajando, que es lo que viene  ocurriendo desde noviembre pasado y ahora adicionalmente por estas medidas&#8221;.  <br \/>El especialista calific\u00f3 la medida de &#8220;sorpresiva&#8221; y estim\u00f3 que  &#8220;seguramente&#8221; el secretario de Comercio Exterior, Ivan Ramalho, se la notific\u00f3  al secretario de Industria, Fernando Fragu\u00edo, en la reuni\u00f3n que ambos  funcionarios mantuvieron. <br \/>Brasil adopt\u00f3 un sistema de licencias previas para  la importaci\u00f3n de productos, que busca reducir el d\u00e9ficit comercial causado por  la crisis, para fortalecer el &#8220;control estad\u00edstico&#8221; de los bienes que ingresan  al pa\u00eds. <br \/>En el 2008, el intercambio comercial entre Brasil y Argentina  alcanz\u00f3 a los 30 mil millones de d\u00f3lares. Brasil es el principal comprador de  productos argentinos y el pa\u00eds tiene con Brasil un d\u00e9ficit de 4.300 milllones de  d\u00f3lares, al cierre del 2008. <br \/>Las medidas tomadas por Brasil pueden llegar a  afectar seriamente el comercio exterior argentino y su balanza comercial.  <br \/>Claver\u00ed, en declaraciones a Noticias Argentinas, se\u00f1al\u00f3 que la ca\u00edda del 40  por ciento en el intercambio comercial entre ambos pa\u00edses &#8220;tiene que ver con la  reducci\u00f3n de la demanda interna en ambos pa\u00edses&#8221;. <br \/>Record\u00f3 que las  exportaciones argentinas a ese pa\u00eds ya hab\u00edan ca\u00eddo un 8 por ciento en noviembre  y otro 20 por ciento en diciembre pasado. <br \/>Opino que la medida &#8220;es muy  importante para la Argentina, porque la mayor\u00eda de los art\u00edculos que le vendemos  a ese pa\u00eds est\u00e1n incluidos&#8221;. <br \/>Explic\u00f3 que los sectores automotriz,  autopartes, molienda de trigo, sider\u00fargica y cobre, que representa al 70 por  ciento de las ventas a Brasil, est\u00e1n alcanzados y que falta ver si se incluye  los art\u00edculos de pl\u00e1stico y qu\u00edmicos &#8220;con lo cual quedar\u00eda afectadas las  exportaciones&#8221; hacia el pa\u00eds vecino. <br \/>Claver\u00ed explic\u00f3 que &#8220;la noticia  sorprendi\u00f3 a los operadores de comercio exterior en ambos pa\u00edses, especialmente  si se tiene en cuenta que es la primera vez que Brasil tom\u00f3 una medida de este  tipo en los \u00faltimos 20 a\u00f1os&#8221;. <br \/>Explic\u00f3 que &#8220;ahora hay que esperar c\u00f3mo se  instrumenta la medida, si funcionar\u00e1 como un alerta temprana para monitorear las  compra o si efectivamente la utilizan para frenar las importaciones, porque en  Brasil hay mucha preocupaci\u00f3n por el d\u00e9ficit de comercio exterior que est\u00e1n  teniendo en enero&#8221;. <br \/>Se\u00f1al\u00f3 que la decisi\u00f3n le permite al gobierno de Brasil  esperar hasta 60 d\u00edas para autorizar una importaci\u00f3n y dijo que &#8220;si eso pasara  se frenar\u00eda la importaci\u00f3n en los primeros dos meses y tardar\u00eda el mismo tiempo  en normalizarse las operaciones de comercio exterior&#8221;. <br \/>&#8220;Todo va a depender  del criterio con el que Brasil utilice las medidas, pero l\u00f3gicamente las ventas  argentinas a ese pa\u00eds van a seguir cayendo, por la demora en el nuevo tr\u00e1mite,  que adem\u00e1s encarecer\u00e1 el costo de las operaciones&#8221;.<\/div>\n","protected":false},"excerpt":{"rendered":"<div><span style=\"color: #0000ff;\">Advierten que las medidas tomadas por Brasil perjudicar\u00e1 a  casi todas las ventas argentinas a ese pa\u00eds<\/span><\/div>\n<div><span style=\"color: #0000ff;\"><br \/><\/span><\/div>\n<div>Buenos Aires, 27 enero (NA) &#8212; Las restricciones al comercio  exterior adoptadas por Brasil &#8220;afectar\u00e1n casi la totalidad de exportaciones  argentinas a ese pa\u00eds&#8221; y las ventas seguir\u00e1n cayendo porque &#8220;tardar\u00e1 dos meses  en normalizarse&#8221; el comercio exterior con el principal comprador de productos  argentinos.<\/div>\n<div>\n","protected":false},"author":1,"featured_media":73547,"comment_status":"closed","ping_status":"open","sticky":false,"template":"","format":"standard","meta":{"footnotes":""},"categories":[3],"tags":[],"class_list":["post-72274","post","type-post","status-publish","format-standard","has-post-thumbnail","hentry","category-ultimas-noticias"],"_links":{"self":[{"href":"https:\/\/ic.tecnopc.com.ar\/index.php\/wp-json\/wp\/v2\/posts\/72274","targetHints":{"allow":["GET"]}}],"collection":[{"href":"https:\/\/ic.tecnopc.com.ar\/index.php\/wp-json\/wp\/v2\/posts"}],"about":[{"href":"https:\/\/ic.tecnopc.com.ar\/index.php\/wp-json\/wp\/v2\/types\/post"}],"author":[{"embeddable":true,"href":"https:\/\/ic.tecnopc.com.ar\/index.php\/wp-json\/wp\/v2\/users\/1"}],"replies":[{"embeddable":true,"href":"https:\/\/ic.tecnopc.com.ar\/index.php\/wp-json\/wp\/v2\/comments?post=72274"}],"version-history":[{"count":0,"href":"https:\/\/ic.tecnopc.com.ar\/index.php\/wp-json\/wp\/v2\/posts\/72274\/revisions"}],"wp:featuredmedia":[{"embeddable":true,"href":"https:\/\/ic.tecnopc.com.ar\/index.php\/wp-json\/"}],"wp:attachment":[{"href":"https:\/\/ic.tecnopc.com.ar\/index.php\/wp-json\/wp\/v2\/media?parent=72274"}],"wp:term":[{"taxonomy":"category","embeddable":true,"href":"https:\/\/ic.tecnopc.com.ar\/index.php\/wp-json\/wp\/v2\/categories?post=72274"},{"taxonomy":"post_tag","embeddable":true,"href":"https:\/\/ic.tecnopc.com.ar\/index.php\/wp-json\/wp\/v2\/tags?post=72274"}],"curies":[{"name":"wp","href":"https:\/\/api.w.org\/{rel}","templated":true}]}}