{"id":72286,"date":"2009-03-23T03:00:00","date_gmt":"2009-03-23T06:00:00","guid":{"rendered":"http:\/\/martineziuliano.com.ar\/web\/autonomos-fuerte-aumento\/"},"modified":"2009-03-23T03:00:00","modified_gmt":"2009-03-23T06:00:00","slug":"autonomos-fuerte-aumento","status":"publish","type":"post","link":"https:\/\/ic.tecnopc.com.ar\/index.php\/2009\/03\/23\/autonomos-fuerte-aumento\/","title":{"rendered":"AUT\u00d3NOMOS: FUERTE AUMENTO"},"content":{"rendered":"<div><span style=\"color: #0000ff;\">Fuerte incremento a partir del 1\u00ba abril de 2009, en todas las  categor\u00edas<\/span><\/div>\n<div><\/div>\n<div>\n<div>La nueva ley de movilidad jubilatoria, que establece el  aumento para los pasivos a partir del mes de marzo, trae aparejado el incremento  en los aportes mensuales de los trabajadores aut\u00f3nomos con destino a la  seguridad social. El mencionado incremento es del 11,69%, similar al  porcentaje de aumento de las jubilaciones que rige desde el mes de marzo de 2009  y se efectivizar\u00e1 a partir del mes devengado abril 2009. Cabe mencionar que el  esquema de movilidad jubilatoria dispone que los haberes jubilatorios se  actualizar\u00e1n cada 6 meses, y con ello, se ajustar\u00e1n en la misma proporci\u00f3n la  renta presunta de los aut\u00f3nomos, como as\u00ed tambi\u00e9n el tope salarial de los  aportes de los trabajadores en relaci\u00f3n de dependencia.<br \/>Por el momento, no se  ha publicado la normativa que establece el importe exacto de los aportes de los  trabajadores aut\u00f3nomos, sin embargo, utilizando las proporciones respecto del  haber m\u00ednimo garantizado ($ 770,66) establecidas por la resoluci\u00f3n (SSS) 6\/2009  se obtendr\u00e1n las nuevas rentas imponibles de cada categor\u00eda, a partir de las  cuales se es posible calcular los nuevos montos de los aportes mensuales de los  trabajadores aut\u00f3nomos:<\/p>\n<p>I = 142,96 <br \/>I`(*) = 156,37 <br \/>II = 200,14  <br \/>II`(*) = 218,90 <br \/>III = 285,93 <br \/>III&#8217; (*)= 312,73 <br \/>IV = 457,48  <br \/>IV&#8217; (*) = 500,37 <br \/>V = 629,04 <br \/>V'(*) = 688,01<\/div>\n<\/p><\/div>\n","protected":false},"excerpt":{"rendered":"<div><span style=\"color: #0000ff;\">Fuerte incremento a partir del 1\u00ba abril de 2009, en todas las  categor\u00edas<\/span><\/div>\n<div><\/div>\n<div>\n<div>La nueva ley de movilidad jubilatoria, que establece el  aumento para los pasivos a partir del mes de marzo, trae aparejado el incremento  en los aportes mensuales de los trabajadores aut\u00f3nomos con destino a la  seguridad social.<\/p>\n","protected":false},"author":1,"featured_media":73547,"comment_status":"closed","ping_status":"open","sticky":false,"template":"","format":"standard","meta":{"footnotes":""},"categories":[3],"tags":[],"class_list":["post-72286","post","type-post","status-publish","format-standard","has-post-thumbnail","hentry","category-ultimas-noticias"],"_links":{"self":[{"href":"https:\/\/ic.tecnopc.com.ar\/index.php\/wp-json\/wp\/v2\/posts\/72286","targetHints":{"allow":["GET"]}}],"collection":[{"href":"https:\/\/ic.tecnopc.com.ar\/index.php\/wp-json\/wp\/v2\/posts"}],"about":[{"href":"https:\/\/ic.tecnopc.com.ar\/index.php\/wp-json\/wp\/v2\/types\/post"}],"author":[{"embeddable":true,"href":"https:\/\/ic.tecnopc.com.ar\/index.php\/wp-json\/wp\/v2\/users\/1"}],"replies":[{"embeddable":true,"href":"https:\/\/ic.tecnopc.com.ar\/index.php\/wp-json\/wp\/v2\/comments?post=72286"}],"version-history":[{"count":0,"href":"https:\/\/ic.tecnopc.com.ar\/index.php\/wp-json\/wp\/v2\/posts\/72286\/revisions"}],"wp:featuredmedia":[{"embeddable":true,"href":"https:\/\/ic.tecnopc.com.ar\/index.php\/wp-json\/"}],"wp:attachment":[{"href":"https:\/\/ic.tecnopc.com.ar\/index.php\/wp-json\/wp\/v2\/media?parent=72286"}],"wp:term":[{"taxonomy":"category","embeddable":true,"href":"https:\/\/ic.tecnopc.com.ar\/index.php\/wp-json\/wp\/v2\/categories?post=72286"},{"taxonomy":"post_tag","embeddable":true,"href":"https:\/\/ic.tecnopc.com.ar\/index.php\/wp-json\/wp\/v2\/tags?post=72286"}],"curies":[{"name":"wp","href":"https:\/\/api.w.org\/{rel}","templated":true}]}}