{"id":72294,"date":"2009-04-22T03:00:00","date_gmt":"2009-04-22T06:00:00","guid":{"rendered":"http:\/\/martineziuliano.com.ar\/web\/afip-a-la-caza-de-evasores\/"},"modified":"2009-04-22T03:00:00","modified_gmt":"2009-04-22T06:00:00","slug":"afip-a-la-caza-de-evasores","status":"publish","type":"post","link":"https:\/\/ic.tecnopc.com.ar\/index.php\/2009\/04\/22\/afip-a-la-caza-de-evasores\/","title":{"rendered":"AFIP: A LA CAZA DE EVASORES"},"content":{"rendered":"<div>\n<div><span style=\"color: #3366ff;\">Un res\u00famen de los nuevos controles que usar\u00e1 para &#8220;cazar&#8221;  evasores<\/span><\/div>\n<\/p><\/div>\n<div>En el marco del evento \u201cLa AFIP y el nuevo Acuerdo Fiscal\u201d,  organizado por iProfesional.com, Curien (subdirector general de Fiscalizaci\u00f3n)  sostuvo: <br \/>* \u201cVamos a fiscalizar a quienes no regularicen su situaci\u00f3n o a  quienes lo hicieron por un menor importe y fueron inducidos a hacerlo\u201d.<\/div>\n<div>* \u201cNo  ingresar a la moratoria no es algo que pase desapercibido para la AFIP\u201d.<br \/>*  As\u00ed distingui\u00f3 entre quienes decidieron blanquear sus fondos, no declarados  hasta el momento, de aquellos contribuyentes que se acogieron al r\u00e9gimen y  expresaron sus respectivos fundamentos de no haber exteriorizado sus ingresos  previamente. \u201cPara estos \u00faltimos, la pauta ser\u00e1: archivo y adelante\u201d<\/p>\n<p>Por  otra parte, para el 2009 la gesti\u00f3n del riesgo fiscal ser\u00e1 un lineamiento  sustancial a la hora de definir controles. <\/p>\n<p>\u201cVamos a determinar las  inspecciones bajo un criterio de selectividad, es decir, establecer a qui\u00e9n y  cu\u00e1ndo lo vamos a inspeccionar. El objetivo es achicar los tiempos de  fiscalizaci\u00f3n y que la misma se realice lo m\u00e1s cerca posible del hecho  econ\u00f3mico\u201d, precis\u00f3.<\/p>\n<p>Por ejemplo, mencion\u00f3 el funcionario, si un  contribuyente presenta una declaraci\u00f3n jurada en cero y luego la rectifica,  online se la admitir\u00e1 o no y, seg\u00fan el caso, tendr\u00e1 que ir a la agencia. As\u00ed, la  liquidaci\u00f3n disparar\u00e1 una se\u00f1al de alerta que podr\u00e1 calificar como m\u00e1xima, media  o m\u00ednima, dependiendo de cada situaci\u00f3n y que servir\u00e1 como puntapi\u00e9 para definir  cu\u00e1ndo corresponder\u00e1 fiscalizar.<\/p>\n<p>Curien destac\u00f3 que este sistema de  alertas complementa a otros indicadores que ya dispone la AFIP tales como los  perfiles de riesgo, la ponderaci\u00f3n del contribuyente a los fines de decidir si  es un operador confiable \u2013en comercio exterior-, entre otros.<br \/>Prometi\u00f3, para  el a\u00f1o 2009, intensificar los controles sobre: automotores, alquileres y  compraventa de inmuebles, comercios con controlador fiscal on line, ampliaci\u00f3n  del r\u00e9gimen de factura electr\u00f3nica y la implementaci\u00f3n del &#8220;IVA y vuelta&#8221;, para  tener en sistema el total de facturas &#8220;A&#8221; emitidas por el universo de  contribuyentes.<\/div>\n","protected":false},"excerpt":{"rendered":"<div>\n<div><span style=\"color: #3366ff;\">Un res\u00famen de los nuevos controles que usar\u00e1 para &#8220;cazar&#8221;  evasores<\/span><\/div>\n<\/p><\/div>\n<div>En el marco del evento \u201cLa AFIP y el nuevo Acuerdo Fiscal\u201d,  organizado por iProfesional.com, Curien (subdirector general de Fiscalizaci\u00f3n)  sostuvo: <br \/>* \u201cVamos a fiscalizar a quienes no regularicen su situaci\u00f3n o a  quienes lo hicieron por un menor importe y fueron inducidos a hacerlo\u201d.<\/div>\n<div>\n","protected":false},"author":1,"featured_media":73547,"comment_status":"closed","ping_status":"open","sticky":false,"template":"","format":"standard","meta":{"footnotes":""},"categories":[3],"tags":[],"class_list":["post-72294","post","type-post","status-publish","format-standard","has-post-thumbnail","hentry","category-ultimas-noticias"],"_links":{"self":[{"href":"https:\/\/ic.tecnopc.com.ar\/index.php\/wp-json\/wp\/v2\/posts\/72294","targetHints":{"allow":["GET"]}}],"collection":[{"href":"https:\/\/ic.tecnopc.com.ar\/index.php\/wp-json\/wp\/v2\/posts"}],"about":[{"href":"https:\/\/ic.tecnopc.com.ar\/index.php\/wp-json\/wp\/v2\/types\/post"}],"author":[{"embeddable":true,"href":"https:\/\/ic.tecnopc.com.ar\/index.php\/wp-json\/wp\/v2\/users\/1"}],"replies":[{"embeddable":true,"href":"https:\/\/ic.tecnopc.com.ar\/index.php\/wp-json\/wp\/v2\/comments?post=72294"}],"version-history":[{"count":0,"href":"https:\/\/ic.tecnopc.com.ar\/index.php\/wp-json\/wp\/v2\/posts\/72294\/revisions"}],"wp:featuredmedia":[{"embeddable":true,"href":"https:\/\/ic.tecnopc.com.ar\/index.php\/wp-json\/"}],"wp:attachment":[{"href":"https:\/\/ic.tecnopc.com.ar\/index.php\/wp-json\/wp\/v2\/media?parent=72294"}],"wp:term":[{"taxonomy":"category","embeddable":true,"href":"https:\/\/ic.tecnopc.com.ar\/index.php\/wp-json\/wp\/v2\/categories?post=72294"},{"taxonomy":"post_tag","embeddable":true,"href":"https:\/\/ic.tecnopc.com.ar\/index.php\/wp-json\/wp\/v2\/tags?post=72294"}],"curies":[{"name":"wp","href":"https:\/\/api.w.org\/{rel}","templated":true}]}}