{"id":72299,"date":"2008-05-12T03:00:00","date_gmt":"2008-05-12T06:00:00","guid":{"rendered":"http:\/\/martineziuliano.com.ar\/web\/preocupacion-por-la-sequia\/"},"modified":"2008-05-12T03:00:00","modified_gmt":"2008-05-12T06:00:00","slug":"preocupacion-por-la-sequia","status":"publish","type":"post","link":"https:\/\/ic.tecnopc.com.ar\/index.php\/2008\/05\/12\/preocupacion-por-la-sequia\/","title":{"rendered":"PREOCUPACI\u00d2N POR LA SEQU\u00cdA"},"content":{"rendered":"<div><span style=\"color: #3366ff;\">Campa\u00f1a 2009-2010 con sequ\u00eda: el \u00e1rea agr\u00edcola nacional  ingres\u00f3 en un per\u00edodo seco hasta mediados de primavera<\/span><\/div>\n<p>Buenos Aires, 12 mayo (NA) &#8212; El \u00e1rea agr\u00edcola nacional ingres\u00f3 en un per\u00edodo  seco que podr\u00eda extenderse hasta mediados de primavera y afectar la campa\u00f1a de  cultivos 2009-2010, seg\u00fan un informe de la Bolsa de Cereales.<\/p>\n<p>\u00a0<\/p>\n<p>&#8220;El panorama  agroclim\u00e1tico se presenta sumamente complicado, ya que todav\u00eda persisten restos  del prolongado episodio de La Ni\u00f1a vigente, casi sin interrupciones durante los  a\u00f1os clim\u00e1ticos 2007\/2008 y 2008\/2009&#8221;, advirti\u00f3 el experto Eduardo Sierra.  <br \/>La nueva perspectiva clim\u00e1tica de la Bolsa de Cereales record\u00f3 que a fines  de este mes de mayo, el inicio de las siembras de los cereales de invierno  abrir\u00e1 la campa\u00f1a agr\u00edcola 2009\/2010 con complicaciones clim\u00e1ticas.  <br \/>&#8220;Asimismo, cabe mencionar que durante marzo de 2008, la actividad solar  observ\u00f3 un m\u00ednimo absoluto, no observ\u00e1ndose la aparici\u00f3n de manchas solares, que  marc\u00f3 el final del Ciclo 23 de la evoluci\u00f3n del Sol, dando inicio al Ciclo 24&#8221;,  explic\u00f3 Sierra. <br \/>&#8220;El nuevo ciclo solar alcanzar\u00e1 su m\u00e1ximo entre octubre de  2011 y agosto de 2012, y finalizar\u00e1 a fines de 2020, alcanzando una duraci\u00f3n de  11 a\u00f1os y 9 meses, algo mayor que la duraci\u00f3n promedio de 11 a\u00f1os&#8221;, a\u00f1adi\u00f3 el  experto. <br \/>Su intensidad ser\u00e1 entre leve y moderadamente por debajo de lo  normal, lo cual podr\u00eda representar un menor aporte de energ\u00eda al sistema  atmosf\u00e9rico. <br \/>Algunos investigadores opinan que el prolongado per\u00edodo con  baja actividad solar, que comenz\u00f3 en marzo de 2007, produjo un incremento de la  velocidad de los vientos del sudoeste, que inundaron el \u00e1rea agr\u00edcola nacional  con peri\u00f3dicas irrupciones de aire fr\u00edo y seco. <br \/>Estos vientos se habr\u00edan  combinado con &#8220;La Ni\u00f1a&#8221; para producir la persistente sequ\u00eda que afect\u00f3 a los dos  \u00faltimos a\u00f1os clim\u00e1ticos. <br \/>&#8220;A lo expuesto, se sumar\u00e1 una situaci\u00f3n global de  predominio de temperaturas del aire muy por encima de lo normal, con un foco de  intenso calor sobre el centro-oeste de la Rep\u00fablica Argentina, que produjo un  elevado consumo de humedad&#8221;, a\u00f1adi\u00f3. <br \/>Para Sierra, &#8220;debido a esta combinaci\u00f3n  de factores negativos, la campa\u00f1a agr\u00edcola 2009\/2010 se est\u00e1 iniciando con una  situaci\u00f3n de sequ\u00eda severa generalizada que, probablemente, demorar\u00e1 en  solucionarse&#8221;, sostuvo el especialista. <br \/>Por esta causa, debe preveerse que,  de mayo a septiembre, las precipitaciones se mantengan bajo lo normal en toda el  \u00e1rea agr\u00edcola nacional, provocando un prolongado per\u00edodo seco.<\/p>\n<p>\u00a0<\/p>\n","protected":false},"excerpt":{"rendered":"<div><span style=\"color: #3366ff;\">Campa\u00f1a 2009-2010 con sequ\u00eda: el \u00e1rea agr\u00edcola nacional  ingres\u00f3 en un per\u00edodo seco hasta mediados de primavera<\/span><\/div>\n<p>Buenos Aires, 12 mayo (NA) &#8212; El \u00e1rea agr\u00edcola nacional ingres\u00f3 en un per\u00edodo  seco que podr\u00eda extenderse hasta mediados de primavera y afectar la campa\u00f1a de  cultivos 2009-2010, seg\u00fan un informe de la Bolsa de Cereales.<\/p>\n<p>\u00a0<\/p>\n","protected":false},"author":1,"featured_media":73547,"comment_status":"closed","ping_status":"open","sticky":false,"template":"","format":"standard","meta":{"footnotes":""},"categories":[3],"tags":[],"class_list":["post-72299","post","type-post","status-publish","format-standard","has-post-thumbnail","hentry","category-ultimas-noticias"],"_links":{"self":[{"href":"https:\/\/ic.tecnopc.com.ar\/index.php\/wp-json\/wp\/v2\/posts\/72299","targetHints":{"allow":["GET"]}}],"collection":[{"href":"https:\/\/ic.tecnopc.com.ar\/index.php\/wp-json\/wp\/v2\/posts"}],"about":[{"href":"https:\/\/ic.tecnopc.com.ar\/index.php\/wp-json\/wp\/v2\/types\/post"}],"author":[{"embeddable":true,"href":"https:\/\/ic.tecnopc.com.ar\/index.php\/wp-json\/wp\/v2\/users\/1"}],"replies":[{"embeddable":true,"href":"https:\/\/ic.tecnopc.com.ar\/index.php\/wp-json\/wp\/v2\/comments?post=72299"}],"version-history":[{"count":0,"href":"https:\/\/ic.tecnopc.com.ar\/index.php\/wp-json\/wp\/v2\/posts\/72299\/revisions"}],"wp:featuredmedia":[{"embeddable":true,"href":"https:\/\/ic.tecnopc.com.ar\/index.php\/wp-json\/"}],"wp:attachment":[{"href":"https:\/\/ic.tecnopc.com.ar\/index.php\/wp-json\/wp\/v2\/media?parent=72299"}],"wp:term":[{"taxonomy":"category","embeddable":true,"href":"https:\/\/ic.tecnopc.com.ar\/index.php\/wp-json\/wp\/v2\/categories?post=72299"},{"taxonomy":"post_tag","embeddable":true,"href":"https:\/\/ic.tecnopc.com.ar\/index.php\/wp-json\/wp\/v2\/tags?post=72299"}],"curies":[{"name":"wp","href":"https:\/\/api.w.org\/{rel}","templated":true}]}}