{"id":72302,"date":"2008-05-20T03:00:00","date_gmt":"2008-05-20T06:00:00","guid":{"rendered":"http:\/\/martineziuliano.com.ar\/web\/empleados-de-comercio-aclaracion\/"},"modified":"2008-05-20T03:00:00","modified_gmt":"2008-05-20T06:00:00","slug":"empleados-de-comercio-aclaracion","status":"publish","type":"post","link":"https:\/\/ic.tecnopc.com.ar\/index.php\/2008\/05\/20\/empleados-de-comercio-aclaracion\/","title":{"rendered":"EMPLEADOS DE COMERCIO: ACLARACI\u00d3N"},"content":{"rendered":"<div><span style=\"color: #3366ff;\">Los aumentos acordados en el a\u00f1o 2008 y que entraban en  vigencia en 2009 fueron modificados en este mes.<\/span><\/div>\n<div>El Convenio de Empleados de Comercio, sufri\u00f3 una modificaci\u00f3n  sustancial.<\/div>\n<div>En el mes de junio del a\u00f1o pasado (2008), se hab\u00eda decidido pasar  a remunerativos los conceptos no remunerativos en el mes de abril de 2009, en  base a un acuerdo que ten\u00eda vigencia hasta el mes de diciembre de 2009.<br \/>Las  liquidaciones de sueldos se confeccionaron bajo esa norma.<br \/>La consecuencia  fue, que los empleados cobraron menos y los empleadores pagaron m\u00e1s cargas  sociales.<\/p>\n<p>Sin embargo el d\u00eda 4 de mayo, se public\u00f3 el \u201cAcuerdo Comercio  2009\u201d que modifica y anula dicho pase realizado en abril.<br \/>Por lo tanto, los  ajustes que van a figurar en los recibos del mes de mayo 2009 contemplan:<br \/>*  La anulaci\u00f3n del pase a remunerativo de los conceptos no remunerativos de  abril.<br \/>* La liquidaci\u00f3n del mes de abril, de los conceptos remunerativos y no  remunerativos, en funci\u00f3n del nuevo acuerdo.<br \/>* La liquidaci\u00f3n del mes de mayo  bajo los nuevos par\u00e1metros.<br \/>* Esto implicar\u00e1 un mayor cobro de bolsillo para  los empleados y un menor pago de cargas sociales para el empleador, por este  \u00fanico mes.<br \/>* El acuerdo otorga adem\u00e1s un aumento no remunerativo adicional de  $300 mensuales.<br \/>* En mayo va a aparecer una cifra no remunerativa de $600,  que es el acuerdo de abril 2009, que se liquida acumulando los $300 pesos de  abril y mayo.<br \/>* En este mes tambi\u00e9n encontrar\u00e1n un aporte \u00fanico de $30 por  empleado a favor de OSECAC<\/p>\n<\/div>\n","protected":false},"excerpt":{"rendered":"<div><span style=\"color: #3366ff;\">Los aumentos acordados en el a\u00f1o 2008 y que entraban en  vigencia en 2009 fueron modificados en este mes.<\/span><\/div>\n<div>El Convenio de Empleados de Comercio, sufri\u00f3 una modificaci\u00f3n  sustancial.<\/div>\n<div>\n","protected":false},"author":1,"featured_media":73547,"comment_status":"closed","ping_status":"open","sticky":false,"template":"","format":"standard","meta":{"footnotes":""},"categories":[3],"tags":[],"class_list":["post-72302","post","type-post","status-publish","format-standard","has-post-thumbnail","hentry","category-ultimas-noticias"],"_links":{"self":[{"href":"https:\/\/ic.tecnopc.com.ar\/index.php\/wp-json\/wp\/v2\/posts\/72302","targetHints":{"allow":["GET"]}}],"collection":[{"href":"https:\/\/ic.tecnopc.com.ar\/index.php\/wp-json\/wp\/v2\/posts"}],"about":[{"href":"https:\/\/ic.tecnopc.com.ar\/index.php\/wp-json\/wp\/v2\/types\/post"}],"author":[{"embeddable":true,"href":"https:\/\/ic.tecnopc.com.ar\/index.php\/wp-json\/wp\/v2\/users\/1"}],"replies":[{"embeddable":true,"href":"https:\/\/ic.tecnopc.com.ar\/index.php\/wp-json\/wp\/v2\/comments?post=72302"}],"version-history":[{"count":0,"href":"https:\/\/ic.tecnopc.com.ar\/index.php\/wp-json\/wp\/v2\/posts\/72302\/revisions"}],"wp:featuredmedia":[{"embeddable":true,"href":"https:\/\/ic.tecnopc.com.ar\/index.php\/wp-json\/"}],"wp:attachment":[{"href":"https:\/\/ic.tecnopc.com.ar\/index.php\/wp-json\/wp\/v2\/media?parent=72302"}],"wp:term":[{"taxonomy":"category","embeddable":true,"href":"https:\/\/ic.tecnopc.com.ar\/index.php\/wp-json\/wp\/v2\/categories?post=72302"},{"taxonomy":"post_tag","embeddable":true,"href":"https:\/\/ic.tecnopc.com.ar\/index.php\/wp-json\/wp\/v2\/tags?post=72302"}],"curies":[{"name":"wp","href":"https:\/\/api.w.org\/{rel}","templated":true}]}}