{"id":72321,"date":"2009-07-31T03:00:00","date_gmt":"2009-07-31T06:00:00","guid":{"rendered":"http:\/\/martineziuliano.com.ar\/web\/blanqueo-prorroga-parcial-477\/"},"modified":"2009-07-31T03:00:00","modified_gmt":"2009-07-31T06:00:00","slug":"blanqueo-prorroga-parcial-477","status":"publish","type":"post","link":"https:\/\/ic.tecnopc.com.ar\/index.php\/2009\/07\/31\/blanqueo-prorroga-parcial-477\/","title":{"rendered":"BLANQUEO: PR\u00d3RROGA PARCIAL"},"content":{"rendered":"<div><span style=\"color: #0000ff;\">La AFIP extendi\u00f3 hasta fines de a\u00f1o SOLAMENTE para el  BALNQUEO LABORAL. El beneficio para repatriar capitales, en cambio, por ahora  termina en un mes.<\/span><\/div>\n<div><\/div>\n<div>\n<div>LA NACION, Viernes 31 de julio de 2009 &#8211; La pegadiza frase  &#8220;tudo bom, tudo legal&#8221;, pronunciada por el personaje publicitario &#8220;Don Carlos&#8221;,  seguir\u00e1 resonando en los o\u00eddos de los contribuyentes por un tiempo m\u00e1s: la  Administraci\u00f3n Federal de Ingresos P\u00fablicos (AFIP) decidi\u00f3 prorrogar hasta fines  de a\u00f1o los beneficios para blanquear empleados en negro. <br \/>As\u00ed lo confirm\u00f3 a  LA NACION el jefe de la AFIP, Ricardo Echegaray, que precis\u00f3 que hasta ahora se  regulariz\u00f3 a unas 270.000 personas que estaban en la informalidad. De este modo,  el organismo fiscal cree que compensa parte de la p\u00e9rdida de empleos provocada  por la fuerte desaceleraci\u00f3n de la econom\u00eda. Por esta raz\u00f3n, el fin del r\u00e9gimen,  que originalmente estaba planteado para hoy, pas\u00f3 para el 31 de diciembre  pr\u00f3ximo. &#8220;Es un pedido que nos hicieron varias c\u00e1maras empresariales, entre  ellas la Uni\u00f3n Industrial Argentina. Es bueno extenderlo [el r\u00e9gimen] porque  s\u00f3lo suma, tanto en t\u00e9rminos de empleo en blanco como de recaudaci\u00f3n&#8221;, expres\u00f3  el funcionario. <br \/>El blanqueo condona en forma total las deudas previsionales  por hasta 10 trabajadores y, a partir del und\u00e9cimo, permite el pago de \u00e9stas en  120 cuotas con una tasa de inter\u00e9s del 0,75 por ciento. De este modo, el  blanqueo laboral se empalmar\u00e1 con la promoci\u00f3n de nuevos empleos, que reduce en  un 50% las cargas patronales por cada nuevo trabajador durante el primer a\u00f1o de  su contrato y en 25% para el segundo a\u00f1o. <\/p>\n<p>El resto, sin pr\u00f3rroga <br \/>Los  tributaristas C\u00e9sar Litvin y V\u00edctor Fabetti y el abogado laboralista Juan Carlos  Cerutti expresaron su conformidad con la postergaci\u00f3n. Sin embargo, admitieron  que la exigencia de contar con la misma plantilla de empleados que al 30 de  noviembre de 2008 para sumarse al r\u00e9gimen &#8220;fren\u00f3 la posibilidad de lograr un  mayor blanqueo de empleados&#8221;. <br \/>Igual de tajante, Echegaray aclar\u00f3 que el  resto del denominado Acuerdo Fiscal (que incluye la moratoria impositiva y el  blanqueo de capitales), &#8220;no se extender\u00e1 m\u00e1s all\u00e1 del 31 de agosto&#8221;. <br \/>Al  respecto, sentenci\u00f3: &#8220;No podemos perder m\u00e1s recaudaci\u00f3n tributaria y, adem\u00e1s, la  gente que quer\u00eda blanquear ya ha tenido su oportunidad&#8221;. <br \/>Hasta ahora se han  sumado m\u00e1s de 2000 personas al blanqueo de capitales, una suma que suena exigua,  pero que conforma al funcionario. <br \/>&#8220;Cuando pensamos este plan, el contexto  interno y externo era muy diferente del actual, tanto a nivel econ\u00f3mico como  pol\u00edtico, por lo que cambiaron nuestras expectativas&#8221;, admiti\u00f3 Echegaray. <br \/>En  cambio, hay mayor optimismo respecto de la moratoria tributaria, que ya sum\u00f3 a  m\u00e1s de 80.000 contribuyentes, sobre todo a aquellos que estaban en litigio  administrativo con la AFIP o que ten\u00edan una causa penal o condena no firme en la  Justicia. La AFIP dar\u00e1 a conocer una nueva resoluci\u00f3n general, que pasa en  limpio la desordenada normativa que gener\u00f3 el Gobierno en torno de este r\u00e9gimen  y que agrega dos puntos clave para los contribuyentes: <br \/>-Permitir\u00e1 el  blanqueo a trav\u00e9s de t\u00edtulos p\u00fablicos que est\u00e9n en circulaci\u00f3n (la norma  original hablaba s\u00f3lo de nuevas emisiones, que en realidad el Gobierno no est\u00e1  realizando), por medio del pago del impuesto especial del 3 por ciento. <br \/>-El  permiso para blanquear bienes sin efectuar un dep\u00f3sito bancario s\u00f3lo rige para  aquellas compras que se hagan antes del 31 de agosto. Para aquellas que se  exterioricen antes, pero se concreten despu\u00e9s, s\u00ed rige la obligaci\u00f3n de abrir  una cuenta bancaria, tal como lo vot\u00f3 el Congreso Nacional. De todos modos, la  mayor\u00eda de los bancos privados no ha habilitado estas cuentas al afirmar que no  hubo inter\u00e9s por parte de sus principales clientes. <br \/>En ese sentido, en la  AFIP no est\u00e1n muy conformes con la cooperaci\u00f3n del Banco Central para  implementar el blanqueo. Por su parte, la entidad conducida por Mart\u00edn Redrado  aclar\u00f3 en su momento que se necesita modificar la ley penal cambiaria para no  sancionar a los contribuyentes que blanqueen dinero. <br \/>M\u00e1s all\u00e1 de esta  pol\u00e9mica, a\u00fan queda pendiente el reclamo de entidades empresariales de incluir  en la moratoria las deudas impositivas de 2008. Aunque creen que no hay motivos  t\u00e9cnicos para incluir estos pasivos en la moratoria, en la AFIP creen que la  decisi\u00f3n final se tomar\u00e1 en el Consejo Econ\u00f3mico y Social convocado por el  Gobierno para reunir a empresarios y gremialistas. <br \/>Por otro lado, en el  organismo fiscal descartan otro pedido empresarial: la postergaci\u00f3n de  vencimientos impositivos debido al baj\u00f3n en la actividad provocado por la gripe  A. <br \/>&#8220;Si se gan\u00f3 y se factur\u00f3 menos, se pagar\u00e1 menos por Ganancias y por el  IVA&#8221;, justificaron cerca de Echegaray.<\/p>\n<p>Mart\u00edn Kanenguiser<\/p><\/div>\n<\/p><\/div>\n","protected":false},"excerpt":{"rendered":"<div><span style=\"color: #0000ff;\">La AFIP extendi\u00f3 hasta fines de a\u00f1o SOLAMENTE para el  BALNQUEO LABORAL. El beneficio para repatriar capitales, en cambio, por ahora  termina en un mes.<\/span><\/div>\n<div><\/div>\n<div>\n<div>LA NACION, Viernes 31 de julio de 2009 &#8211; La pegadiza frase  &#8220;tudo bom, tudo legal&#8221;, pronunciada por el personaje publicitario &#8220;Don Carlos&#8221;,  seguir\u00e1 resonando en los o\u00eddos de los contribuyentes por un tiempo m\u00e1s: la  Administraci\u00f3n Federal de Ingresos P\u00fablicos (AFIP) decidi\u00f3 prorrogar hasta fines  de a\u00f1o los beneficios para blanquear empleados en negro. <br \/>As\u00ed lo confirm\u00f3 a  LA NACION el jefe de la AFIP, Ricardo Echegaray, que precis\u00f3 que hasta ahora se  regulariz\u00f3 a unas 270.000 personas que estaban en la informalidad.<\/p>\n","protected":false},"author":1,"featured_media":73547,"comment_status":"closed","ping_status":"open","sticky":false,"template":"","format":"standard","meta":{"footnotes":""},"categories":[3],"tags":[],"class_list":["post-72321","post","type-post","status-publish","format-standard","has-post-thumbnail","hentry","category-ultimas-noticias"],"_links":{"self":[{"href":"https:\/\/ic.tecnopc.com.ar\/index.php\/wp-json\/wp\/v2\/posts\/72321","targetHints":{"allow":["GET"]}}],"collection":[{"href":"https:\/\/ic.tecnopc.com.ar\/index.php\/wp-json\/wp\/v2\/posts"}],"about":[{"href":"https:\/\/ic.tecnopc.com.ar\/index.php\/wp-json\/wp\/v2\/types\/post"}],"author":[{"embeddable":true,"href":"https:\/\/ic.tecnopc.com.ar\/index.php\/wp-json\/wp\/v2\/users\/1"}],"replies":[{"embeddable":true,"href":"https:\/\/ic.tecnopc.com.ar\/index.php\/wp-json\/wp\/v2\/comments?post=72321"}],"version-history":[{"count":0,"href":"https:\/\/ic.tecnopc.com.ar\/index.php\/wp-json\/wp\/v2\/posts\/72321\/revisions"}],"wp:featuredmedia":[{"embeddable":true,"href":"https:\/\/ic.tecnopc.com.ar\/index.php\/wp-json\/"}],"wp:attachment":[{"href":"https:\/\/ic.tecnopc.com.ar\/index.php\/wp-json\/wp\/v2\/media?parent=72321"}],"wp:term":[{"taxonomy":"category","embeddable":true,"href":"https:\/\/ic.tecnopc.com.ar\/index.php\/wp-json\/wp\/v2\/categories?post=72321"},{"taxonomy":"post_tag","embeddable":true,"href":"https:\/\/ic.tecnopc.com.ar\/index.php\/wp-json\/wp\/v2\/tags?post=72321"}],"curies":[{"name":"wp","href":"https:\/\/api.w.org\/{rel}","templated":true}]}}