{"id":72345,"date":"2009-11-05T03:00:00","date_gmt":"2009-11-05T06:00:00","guid":{"rendered":"http:\/\/martineziuliano.com.ar\/web\/art-proyecto-positivo\/"},"modified":"2009-11-05T03:00:00","modified_gmt":"2009-11-05T06:00:00","slug":"art-proyecto-positivo","status":"publish","type":"post","link":"https:\/\/ic.tecnopc.com.ar\/index.php\/2009\/11\/05\/art-proyecto-positivo\/","title":{"rendered":"ART: PROYECTO POSITIVO"},"content":{"rendered":"<div><span style=\"color: #0000ff;\">La nueva ley de ART aumenta el tope de indemnizaci\u00f3n que  pagar\u00e1n las aseguradoras e incorpora enfermedades al listado<\/span><\/div>\n<div><\/div>\n<div>\n<div>Buenos Aires, 4 noviembre (NA) &#8212; El tope de las  indemnizaciones por accidentes de trabajo, del que se har\u00e1n cargo las ART,  pasar\u00e1 de 36.000 a 180.000 pesos y se conformar\u00e1 el Comit\u00e9 de Vigilancia que  tendr\u00e1 facultades para incorporar nuevas enfermedades al listado actual para su  cobertura, de acuerdo con el proyecto de riesgos de trabajo del Gobierno. <br \/>La  iniciativa ser\u00e1 adoptada a trav\u00e9s de un decreto del Poder Ejecutivo hasta que el  a\u00f1o pr\u00f3ximo se discuta un nuevo proyecto mediante el mecanismo de audiencias  p\u00fablicas previas, que luego ser\u00e1 enviado al Parlamento. <br \/>Seg\u00fan fuentes  sindicales, el decreto mejora la f\u00f3rmula de las indemnizaciones, y los pagos por  incapacidad laboral, y tambi\u00e9n el pago de otros \u00edtems que dispone el r\u00e9gimen, al  elevarse el tope indemnizatorio, que ahora es de 36.000 pesos. <br \/>Los detalles  trascendieron hoy de distintas fuentes que participaron hoy de las reuniones que  el ministro de Trabajo, Carlos Tomada mantuvo hoy con empresarios y  sindicalistas.- <br \/>El titular de la cartera laboral present\u00f3 los resultados de  las discusiones realizadas en el Comit\u00e9 Consultivo de Riesgos de Trabajo, en el  cual estaban representados todos los sectores. <br \/>El ministro les anunci\u00f3 la  decisi\u00f3n del Gobierno sobre la pr\u00f3xima sanci\u00f3n de un decreto que recogi\u00f3 los  principales puntos de esas reuniones. <br \/>Seg\u00fan inform\u00f3 la cartera laboral los  sectores empresarios y sindicales &#8220;expresaron su acompa\u00f1amiento a esta  normativa, y sin perjuicio de las diferencias que a\u00fan subsisten&#8221;. <br \/>El  comunicado oficial se\u00f1al\u00f3 que los participantes de los encuentros con el  ministro &#8220;expresaron la importancia de este avance en las cuestiones vinculadas  a la reparaci\u00f3n del da\u00f1o (indemnizaciones), mejora en el control de las  prestaciones m\u00e9dicas y a la necesidad de reducci\u00f3n de los costos en el sistema,  en particular para las peque\u00f1as empresas&#8221;. <br \/>Tomada se reuni\u00f3 hoy para  detallar los alcances del decreto con el asesor legal de la CGT y diputado  nacional, H\u00e9ctor Recalde, el titular de la central obrera, Hugo Moyano, el  secretario general de la UOM, Antonio Cal\u00f3, el de la Uni\u00f3n Industrial Argentina,  H\u00e9ctor M\u00e9ndez, y uno de los vicepresidente de la central, el abogado laboralista  Daniel Funes De Rioja. <br \/>En otras reuniones por separado Tomada recibi\u00f3 a los  titulares de la C\u00e1mara Argentina de la Construcci\u00f3n, Ricardo Wagner; de la  C\u00e1mara Argentina de la Mediana Empresa (CAME), Osvaldo Cornide y de la C\u00e1mara  Argentina de Comercio, Carlos De La Vega, y a directivos de la Uni\u00f3n Argentina  de Riesgos del Trabajo (UART). <br \/>Tambi\u00e9n detall\u00f3 los alcances del decreto a  los dirigentes Daniel Mar\u00edn y Pedro Wasiejko, de la Central Argentina de  Trabajadores (CTA). <br \/>Wasiejko se\u00f1al\u00f3 a NA que el decreto dispondr\u00e1 la  Conformaci\u00f3n del Comit\u00e9 de Vigilancia, &#8220;que a\u00fan no estaba integrado, que ser\u00e1 de  8 integrantes, cuatro por el sector gremial y una cantidad similar por el sector  empresario&#8221;. <br \/>Indic\u00f3 que la CTA &#8220;no est\u00e1 a favor ni en contra del decreto,  porque lo que quiere es discutir una ley integral para el sector, porque es un  absurdo que haya una ley de accidentes con topes indemnizatorios y listado de  enfermedades cerrados&#8221;. <br \/>El sindicalista explic\u00f3 que &#8220;hasta que se sancione  una ley de fondo ese comit\u00e9 tendr\u00e1 facultad para ampliar enfermedades, lo que da  pie a que se puedan reconocer casos de hernia de disco, varices, alergias o  stress&#8221;, que hoy no est\u00e1n reconocidas por la ley. <br \/>Wasiejko explic\u00f3 que &#8220;es  inconcebible tener una ley que no permita ampliar el listado porque la  tecnolog\u00eda va cambiando y aparecen nuevas enfermedades, que sufren trabajadores  por estar en contacto con qu\u00edmicos, o por situaciones de stress, ruidos o  emanaciones que afectan por ejemplo la vista, y no son reconocidas por la ley&#8221;.  <br \/>El sindicalista se\u00f1al\u00f3 que en la reuni\u00f3n con el ministro, no se habl\u00f3 del  los reclamos ante la justicia, pero estim\u00f3 que &#8220;al elevarse el tope  indemnizatorio, seguramente har\u00e1 disminuir fuertemente la litigiosidad&#8221;.  <br \/>Seg\u00fan datos de la UIA existen unos 65 mil juicios por un monto total de  2.300 millones de pesos contra peque\u00f1as y medianas empresas.<\/div>\n<\/p><\/div>\n","protected":false},"excerpt":{"rendered":"<div><span style=\"color: #0000ff;\">La nueva ley de ART aumenta el tope de indemnizaci\u00f3n que  pagar\u00e1n las aseguradoras e incorpora enfermedades al listado<\/span><\/div>\n<div><\/div>\n<div>\n<div>Buenos Aires, 4 noviembre (NA) &#8212; El tope de las  indemnizaciones por accidentes de trabajo, del que se har\u00e1n cargo las ART,  pasar\u00e1 de 36.000 a 180.000 pesos y se conformar\u00e1 el Comit\u00e9 de Vigilancia que  tendr\u00e1 facultades para incorporar nuevas enfermedades al listado actual para su  cobertura, de acuerdo con el proyecto de riesgos de trabajo del Gobierno. <br \/>La  iniciativa ser\u00e1 adoptada a trav\u00e9s de un decreto del Poder Ejecutivo hasta que el  a\u00f1o pr\u00f3ximo se discuta un nuevo proyecto mediante el mecanismo de audiencias  p\u00fablicas previas, que luego ser\u00e1 enviado al Parlamento.<\/p>\n","protected":false},"author":1,"featured_media":73547,"comment_status":"closed","ping_status":"open","sticky":false,"template":"","format":"standard","meta":{"footnotes":""},"categories":[3],"tags":[],"class_list":["post-72345","post","type-post","status-publish","format-standard","has-post-thumbnail","hentry","category-ultimas-noticias"],"_links":{"self":[{"href":"https:\/\/ic.tecnopc.com.ar\/index.php\/wp-json\/wp\/v2\/posts\/72345","targetHints":{"allow":["GET"]}}],"collection":[{"href":"https:\/\/ic.tecnopc.com.ar\/index.php\/wp-json\/wp\/v2\/posts"}],"about":[{"href":"https:\/\/ic.tecnopc.com.ar\/index.php\/wp-json\/wp\/v2\/types\/post"}],"author":[{"embeddable":true,"href":"https:\/\/ic.tecnopc.com.ar\/index.php\/wp-json\/wp\/v2\/users\/1"}],"replies":[{"embeddable":true,"href":"https:\/\/ic.tecnopc.com.ar\/index.php\/wp-json\/wp\/v2\/comments?post=72345"}],"version-history":[{"count":0,"href":"https:\/\/ic.tecnopc.com.ar\/index.php\/wp-json\/wp\/v2\/posts\/72345\/revisions"}],"wp:featuredmedia":[{"embeddable":true,"href":"https:\/\/ic.tecnopc.com.ar\/index.php\/wp-json\/"}],"wp:attachment":[{"href":"https:\/\/ic.tecnopc.com.ar\/index.php\/wp-json\/wp\/v2\/media?parent=72345"}],"wp:term":[{"taxonomy":"category","embeddable":true,"href":"https:\/\/ic.tecnopc.com.ar\/index.php\/wp-json\/wp\/v2\/categories?post=72345"},{"taxonomy":"post_tag","embeddable":true,"href":"https:\/\/ic.tecnopc.com.ar\/index.php\/wp-json\/wp\/v2\/tags?post=72345"}],"curies":[{"name":"wp","href":"https:\/\/api.w.org\/{rel}","templated":true}]}}