{"id":72352,"date":"2009-12-08T03:00:00","date_gmt":"2009-12-08T06:00:00","guid":{"rendered":"http:\/\/martineziuliano.com.ar\/web\/las-malas-viejas-recetas\/"},"modified":"2009-12-08T03:00:00","modified_gmt":"2009-12-08T06:00:00","slug":"las-malas-viejas-recetas","status":"publish","type":"post","link":"https:\/\/ic.tecnopc.com.ar\/index.php\/2009\/12\/08\/las-malas-viejas-recetas\/","title":{"rendered":"LAS MALAS VIEJAS RECETAS"},"content":{"rendered":"<div><span style=\"color: #0000ff;\">Boudou anticip\u00f3 ajuste cl\u00e1sico: d\u00f3lar quieto, suba de tarifas  y canasta navide\u00f1a<\/span><\/div>\n<div><\/div>\n<div>\n<div>El ministro de Econom\u00eda, Amado Boudou, anticip\u00f3 las bases de  la pol\u00edtica econ\u00f3mica para la segunda mitad del mandato presidencial de Cristina  Fern\u00e1ndez, sustentada en la apreciaci\u00f3n real del peso, un nuevo ajuste de  tarifas de servicios p\u00fablicos e insistir en la pol\u00edtica de acuerdo de precios  con el sector privado, que arrancar\u00e1 con la negociaci\u00f3n de una canasta  navide\u00f1a. <br \/>\u201cLa clase media\u2013alta y alta paga muy barato los servicios; hay que  hacer un sistema donde aquellos que tienen m\u00e1s capacidad de pago, lo paguen. Hay  que ir ajustando las tarifas de los que m\u00e1s pueden para poder hacer las obras de  infraestructura para aquellos que m\u00e1s lo necesitan\u201d, dijo Boudou durante el  transcurso de un reportaje en el programa AM del canal Telef\u00e9. Reiter\u00f3 adem\u00e1s  que \u201cpor una garrafa se paga cinco veces lo que abona alguien por el gas en (el  porte\u00f1o) Barrio Norte\u201d.<\/div>\n<\/p><\/div>\n","protected":false},"excerpt":{"rendered":"<div><span style=\"color: #0000ff;\">Boudou anticip\u00f3 ajuste cl\u00e1sico: d\u00f3lar quieto, suba de tarifas  y canasta navide\u00f1a<\/span><\/div>\n<div><\/div>\n<div>\n<div>El ministro de Econom\u00eda, Amado Boudou, anticip\u00f3 las bases de  la pol\u00edtica econ\u00f3mica para la segunda mitad del mandato presidencial de Cristina  Fern\u00e1ndez, sustentada en la apreciaci\u00f3n real del peso, un nuevo ajuste de  tarifas de servicios p\u00fablicos e insistir en la pol\u00edtica de acuerdo de precios  con el sector privado, que arrancar\u00e1 con la negociaci\u00f3n de una canasta  navide\u00f1a.<\/p>\n","protected":false},"author":1,"featured_media":73547,"comment_status":"closed","ping_status":"open","sticky":false,"template":"","format":"standard","meta":{"footnotes":""},"categories":[3],"tags":[],"class_list":["post-72352","post","type-post","status-publish","format-standard","has-post-thumbnail","hentry","category-ultimas-noticias"],"_links":{"self":[{"href":"https:\/\/ic.tecnopc.com.ar\/index.php\/wp-json\/wp\/v2\/posts\/72352","targetHints":{"allow":["GET"]}}],"collection":[{"href":"https:\/\/ic.tecnopc.com.ar\/index.php\/wp-json\/wp\/v2\/posts"}],"about":[{"href":"https:\/\/ic.tecnopc.com.ar\/index.php\/wp-json\/wp\/v2\/types\/post"}],"author":[{"embeddable":true,"href":"https:\/\/ic.tecnopc.com.ar\/index.php\/wp-json\/wp\/v2\/users\/1"}],"replies":[{"embeddable":true,"href":"https:\/\/ic.tecnopc.com.ar\/index.php\/wp-json\/wp\/v2\/comments?post=72352"}],"version-history":[{"count":0,"href":"https:\/\/ic.tecnopc.com.ar\/index.php\/wp-json\/wp\/v2\/posts\/72352\/revisions"}],"wp:featuredmedia":[{"embeddable":true,"href":"https:\/\/ic.tecnopc.com.ar\/index.php\/wp-json\/"}],"wp:attachment":[{"href":"https:\/\/ic.tecnopc.com.ar\/index.php\/wp-json\/wp\/v2\/media?parent=72352"}],"wp:term":[{"taxonomy":"category","embeddable":true,"href":"https:\/\/ic.tecnopc.com.ar\/index.php\/wp-json\/wp\/v2\/categories?post=72352"},{"taxonomy":"post_tag","embeddable":true,"href":"https:\/\/ic.tecnopc.com.ar\/index.php\/wp-json\/wp\/v2\/tags?post=72352"}],"curies":[{"name":"wp","href":"https:\/\/api.w.org\/{rel}","templated":true}]}}