{"id":72361,"date":"2010-01-07T03:00:00","date_gmt":"2010-01-07T06:00:00","guid":{"rendered":"http:\/\/martineziuliano.com.ar\/web\/redrado-afuera\/"},"modified":"2010-01-07T03:00:00","modified_gmt":"2010-01-07T06:00:00","slug":"redrado-afuera","status":"publish","type":"post","link":"https:\/\/ic.tecnopc.com.ar\/index.php\/2010\/01\/07\/redrado-afuera\/","title":{"rendered":"REDRADO, AFUERA."},"content":{"rendered":"<div><span style=\"color: #0000ff;\">Por decreto, el Gobierno ech\u00f3 a Redrado del Banco Central y  lo amenaz\u00f3 con iniciarle acciones legales<\/span><\/div>\n<div><\/div>\n<div>\n<div>Buenos Aires, 7 enero (NA) &#8212; El Gobierno removi\u00f3 hoy por un  Decreto de Necesidad y Urgencia (DNU) al titular del Banco Central, Mart\u00edn  Redrado, con los argumentos de &#8220;mala conducta&#8221; e &#8220;incumplimiento de los deberes  de funcionario p\u00fablico, y lo amenaz\u00f3 con iniciarle acciones legales, luego que  el economista se negara a presentar la renuncia que la presidenta Cristina  Kirchner le hab\u00eda reclamado. <br \/>La remoci\u00f3n de Redrado se produjo tras su  negativa a autorizar el uso de reservas para la creaci\u00f3n del Fondo del  Bicentenario, con el cual el Gobierno pretende garantizar pagos de deudas por  6.569 millones de d\u00f3lares. <br \/>De inmediato, el Poder Ejecutivo design\u00f3 en forma  interina como titular de la entidad, al vicepresidente Miguel Angel Pesce,  alineado con la pol\u00edtica econ\u00f3mica y monetaria del Gobierno, aunque el ministro  de Econom\u00eda, Armando Boudou, adelant\u00f3 que el cargo ser\u00e1 ocupado finalmente por  Mario Blejer. <br \/>Pesce presidi\u00f3 una reuni\u00f3n de directores del Central, sin la  presencia de Redrado, durante la cual se decidi\u00f3 acatar la orden presidencial y  ordenar que se instrumenten los procedimientos necesarios para la creaci\u00f3n del  Fondo del Bicentenario. <br \/>Pesce manifest\u00f3 que si bien el Banco Central es  aut\u00f3nomo con respecto a sus decisiones &#8220;no es orden institucional&#8221;, en una clara  toma de posici\u00f3n con respeto a la necesidad de aceptar los dictados del Poder  Ejecutivo. <br \/>Tambi\u00e9n expres\u00f3 su total apoyo a la creaci\u00f3n del Fondo del  Bicentenario, con lo que marc\u00f3 distancia del criterio sustentado por Mart\u00edn  Redrado, de intangibilidad de las reservas. <br \/>No obstante, el propio Redrado  aval\u00f3 hace cinco a\u00f1os el uso de reservas para el pago de los 10.000 millones de  d\u00f3lares para el pago de la deuda total con el FMI, adoptada por el ex presidente  N\u00e9stor Kirchner. <br \/>La remoci\u00f3n del titular del Central y la designaci\u00f3n  interina de Pesce, abre el camino para que el economista Mario Blejer asuma como  nuevo jefe de la entidad rectora del sistema financiero. <br \/>El propio ministro  de Econom\u00eda, Amado Boudou, asegur\u00f3 en las \u00faltimas horas de esta tarde que Blejer  ser\u00e1 el reemplazante de Redrado. <br \/>Este economista, director del Banco de  Inglaterra y ex titular del BCRA, hab\u00eda aclarado que no pod\u00eda aceptar el  ofrecimiento de volver a ocupar el m\u00e1ximo cargo en la autoridad monetaria hasta  que Redrado continuara en ese lugar. <br \/>Por ahora, interinamente qued\u00f3 Miguel  Pesce, pero Blejer &#8220;llegar\u00e1 al pa\u00eds la semana que viene y vamos a seguir  charlando. <br \/>Para nosotros es el nuevo presidente del Banco Central&#8221;, dijo  Boudou en declaraciones a Radio 10. <br \/>A ra\u00edz de la tormenta pol\u00edtica desatada  por el enfrentamiento entre el Gobierno y Redrado, la Presidenta y todos los  ministros del gabinete firmaron un decreto de necesidad y urgencia (DNU) que  relev\u00f3 de su cargo al titular del BCRA. <br \/>Con fuerte apoyo de todo el arco  opositor, Redrado mantuvo durante la jornada su decisi\u00f3n de resistir en el  puesto, ampar\u00e1ndose en que su desplazamiento requer\u00eda acuerdo del Senado, aunque  luego del decreto de remoci\u00f3n mantuvo una extensa reuni\u00f3n con sus asesores  legales para analizar los pasos a seguir. <br \/>&#8220;Remu\u00e9vese del cargo de Presidente  del Banco Central de la Rep\u00fablica Argentina al licenciado Hern\u00e1n Mart\u00edn P\u00e9rez  Redrado por incurrir en mala conducta e incumplimiento de los deberes de  funcionario p\u00fablico&#8221;, se\u00f1ala el decreto en su primer art\u00edculo. <br \/>El DNU n\u00famero  18 orden\u00f3 adem\u00e1s al procurador del Tesoro Nacional, Osvaldo Guglielmino, a  &#8220;presentar la denuncia respectiva ante la autoridad judicial&#8221;. <br \/>El documento  adem\u00e1s justific\u00f3 la decisi\u00f3n de remover directamente al titular del BCRA al  se\u00f1alar que el Honorable Congreso de la Naci\u00f3n se encuentra &#8220;en pleno receso  estival&#8221; y que las Comisiones de la c\u00e1mara alta &#8220;no se han constitu\u00eddo al d\u00eda de  la fecha ni elegido a sus autoridades&#8221;. <br \/>En los considerandos, el decreto  tambi\u00e9n reivindica la decisi\u00f3n de crear el Fondo del Bicentenario, como forma de  garant\u00eda para el pago de deuda. <br \/>Durante la tarde, los ministros del gabinete  fueron convocados de urgencia a la Casa de Gobierno para firmar el decreto, como  parte de una movida de apoyo pol\u00edtico a la iniciativa, ya que no era necesario  que el documento llevara la firma de los colaboradores de la Presidenta. <br \/>Los  ministros que concurrieron a la sede de gobierno fueron Boudou, Florencio  Randazzo (Interior); Julio De Vido, (Planificaci\u00f3n); Jorge Taiana (Relaciones  Exteriores), Alicia Kirchner (Desarrollo Social); D\u00e9bora Giorgi (Industria);  Carlos Tomada (Trabajo); Nilda Garr\u00e9 (Defensa); Lino Bara\u00f1ao (Ciencia y  T\u00e9cnica); Juan Manzur (Salud), Alberto Sileoni (Educaci\u00f3n) y Juli\u00e1n Dom\u00ednguez  (Agricultura). <br \/>Por otra parte, horas antes de que se conociera el decreto,  un grupo de directores del BCRA alineado con la Rosada mantuvieron una extensa  reuni\u00f3n informal en la propia sede de la autoridad monetaria con la intenci\u00f3n de  vaciar de poder a Redrado. <br \/>El c\u00f3nclave no tuvo validez formal porque s\u00f3lo el  titular del BCRA pueda convocar a las reuniones de Directorio, y Redrado  suspendi\u00f3 la que estaba prevista para este jueves. <br \/>No obstante, la reuni\u00f3n  hab\u00eda dejado una clara lectura pol\u00edtica: el kirchnerismo buscaba forzar la  renuncia del jefe del Central o al menos neutralizar su poder para liberar el  uso de reservas con el fin de destinarlas a garantizar el pago de deuda. <br \/>Por  su parte, Redrado hasta \u00faltimo momento hab\u00eda ratificado su intenci\u00f3n de  continuar en su cargo, y asegur\u00f3 que estaba dispuesto a realizar &#8220;aportes  profesionales para la implementaci\u00f3n&#8221; del Fondo del Bicentenario, impulsado por  el Gobierno.<\/div>\n<\/p><\/div>\n","protected":false},"excerpt":{"rendered":"<div><span style=\"color: #0000ff;\">Por decreto, el Gobierno ech\u00f3 a Redrado del Banco Central y  lo amenaz\u00f3 con iniciarle acciones legales<\/span><\/div>\n<div><\/div>\n<div>\n<div>Buenos Aires, 7 enero (NA) &#8212; El Gobierno removi\u00f3 hoy por un  Decreto de Necesidad y Urgencia (DNU) al titular del Banco Central, Mart\u00edn  Redrado, con los argumentos de &#8220;mala conducta&#8221; e &#8220;incumplimiento de los deberes  de funcionario p\u00fablico, y lo amenaz\u00f3 con iniciarle acciones legales, luego que  el economista se negara a presentar la renuncia que la presidenta Cristina  Kirchner le hab\u00eda reclamado. <br \/>La remoci\u00f3n de Redrado se produjo tras su  negativa a autorizar el uso de reservas para la creaci\u00f3n del Fondo del  Bicentenario, con el cual el Gobierno pretende garantizar pagos de deudas por  6.569 millones de d\u00f3lares.<\/p>\n","protected":false},"author":1,"featured_media":73547,"comment_status":"closed","ping_status":"open","sticky":false,"template":"","format":"standard","meta":{"footnotes":""},"categories":[3],"tags":[],"class_list":["post-72361","post","type-post","status-publish","format-standard","has-post-thumbnail","hentry","category-ultimas-noticias"],"_links":{"self":[{"href":"https:\/\/ic.tecnopc.com.ar\/index.php\/wp-json\/wp\/v2\/posts\/72361","targetHints":{"allow":["GET"]}}],"collection":[{"href":"https:\/\/ic.tecnopc.com.ar\/index.php\/wp-json\/wp\/v2\/posts"}],"about":[{"href":"https:\/\/ic.tecnopc.com.ar\/index.php\/wp-json\/wp\/v2\/types\/post"}],"author":[{"embeddable":true,"href":"https:\/\/ic.tecnopc.com.ar\/index.php\/wp-json\/wp\/v2\/users\/1"}],"replies":[{"embeddable":true,"href":"https:\/\/ic.tecnopc.com.ar\/index.php\/wp-json\/wp\/v2\/comments?post=72361"}],"version-history":[{"count":0,"href":"https:\/\/ic.tecnopc.com.ar\/index.php\/wp-json\/wp\/v2\/posts\/72361\/revisions"}],"wp:featuredmedia":[{"embeddable":true,"href":"https:\/\/ic.tecnopc.com.ar\/index.php\/wp-json\/"}],"wp:attachment":[{"href":"https:\/\/ic.tecnopc.com.ar\/index.php\/wp-json\/wp\/v2\/media?parent=72361"}],"wp:term":[{"taxonomy":"category","embeddable":true,"href":"https:\/\/ic.tecnopc.com.ar\/index.php\/wp-json\/wp\/v2\/categories?post=72361"},{"taxonomy":"post_tag","embeddable":true,"href":"https:\/\/ic.tecnopc.com.ar\/index.php\/wp-json\/wp\/v2\/tags?post=72361"}],"curies":[{"name":"wp","href":"https:\/\/api.w.org\/{rel}","templated":true}]}}