{"id":72424,"date":"2006-02-01T03:00:00","date_gmt":"2006-02-01T03:00:00","guid":{"rendered":"http:\/\/martineziuliano.com.ar\/web\/convenio-industrial-con-brasil\/"},"modified":"2006-02-01T03:00:00","modified_gmt":"2006-02-01T03:00:00","slug":"convenio-industrial-con-brasil","status":"publish","type":"post","link":"https:\/\/ic.tecnopc.com.ar\/index.php\/2006\/02\/01\/convenio-industrial-con-brasil\/","title":{"rendered":"CONVENIO INDUSTRIAL CON BRASIL"},"content":{"rendered":"<div><span style=\"color: #3366ff;\">Argentina y Brasil llegaron a un acuerdo: Kirchner habl\u00f3 por  tel\u00e9fono con Lula<\/span><\/div>\n<div><\/div>\n<div>Buenos Aires, feb. 1 (NA) &#8212; Los presidentes de Argentina,  N\u00e9stor Kirchner, y de Brasil, Luiz Inacio Lula da Silva, intercambiaron esta  ma\u00f1ana elogios por el protocolo comercial alcanzado entre ambos pa\u00edses sobre  mecanismos de adaptaci\u00f3n competitiva. <br \/>Kirchner habl\u00f3 por tel\u00e9fono con Lula  durante la reuni\u00f3n que mantuvo en la Casa Rosada con la delegaci\u00f3n que lleg\u00f3 a  la sede gubernamental, encabezada por el viceministro de Relaciones Exteriores y  el Secretario de Desarrollo, Industria y Comercio de Brasil, junto al embajador  de ese pa\u00eds en Argentina, Mauro Vieira. <br \/>Por Argentina, estuvieron el  canciller Jorge Taiana, la ministra de Econom\u00eda, Felisa Miceli, y el jefe de  Gabinete, Alberto Fern\u00e1ndez; y los secretarios de Relaciones Econ\u00f3micas  Internacionales, Alfredo Charad\u00eda; de Industria y Comercio, Miguel Peirano; y la  subsecretaria de gesti\u00f3n comercial, Laila Nacer. <br \/>Sobre la conversaci\u00f3n entre  los mandatarios, Taiana dijo que &#8220;ambos expresaron su satisfacci\u00f3n&#8221; por el  acuerdo porque &#8220;es un ejemplo de c\u00f3mo los dos gobiernos han logrado cumplir los  compromisos establecidos en Puerto Iguaz\u00fa&#8221;, donde marcaron como fecha l\u00edmite el  31 de enero. <br \/>Al t\u00e9rmino del encuentro con Kirchner, en conferencia de  prensa, Miceli se refiri\u00f3 a la cl\u00e1usula de competitividad expresando que &#8220;los  sectores privados son ahora responsables de utilizar estos mecanismos y avanzar  en una mejora de la productividad para despu\u00e9s ser competitivo&#8221;. <br \/>Adem\u00e1s,  expres\u00f3 que &#8220;esto que ven\u00eda siendo un necesidad planteada por nosotros desde  hace un a\u00f1o, se plasm\u00f3 hoy en un resultado muy favorable para el desarrollo del  Mercosur&#8221;. <br \/>Tambi\u00e9n sostuvo que en este tiempo de adaptaci\u00f3n, la industria  argentina deber\u00e1 fortalecerse y adaptarse competitivamente en tecnolog\u00eda e  inversiones. <br \/>Por su parte, Taiana expres\u00f3 que este acuerdo logrado tras  arduas negociaciones que se extendieron hasta las siete de la ma\u00f1ana en el  Palacio San Mart\u00edn procura &#8220;avanzar en el proceso de integraci\u00f3n, buscando  superar los desequilibrios estructurales&#8221; para que &#8220;resulte beneficiosa para  todos&#8221;. <br \/>El Secretario General de Relaciones Exteriores de Brasil, Samuel  Pi\u00f1eiro Guimaraes, agradeci\u00f3 la cooperaci\u00f3n recibida para poder lograr este  resultado que beneficia a ambos pa\u00edses y consider\u00f3 que &#8220;el proceso de  integraci\u00f3n Brasil-Argentina y el Mercosur son absolutamente fundamentales para  la pol\u00edtica exterior y econ\u00f3mica de Brasil&#8221;. <br \/>Adem\u00e1s, dijo que &#8220;Argentina es  el segundo proveedor de productos brasile\u00f1os y Brasil tambi\u00e9n lo es para  Argentina&#8221;.<\/div>\n","protected":false},"excerpt":{"rendered":"<div><span style=\"color: #3366ff;\">Argentina y Brasil llegaron a un acuerdo: Kirchner habl\u00f3 por  tel\u00e9fono con Lula<\/span><\/div>\n<div><\/div>\n<div>Buenos Aires, feb. 1 (NA) &#8212; Los presidentes de Argentina,  N\u00e9stor Kirchner, y de Brasil, Luiz Inacio Lula da Silva, intercambiaron esta  ma\u00f1ana elogios por el protocolo comercial alcanzado entre ambos pa\u00edses sobre  mecanismos de adaptaci\u00f3n competitiva.<\/p>\n","protected":false},"author":1,"featured_media":73547,"comment_status":"closed","ping_status":"open","sticky":false,"template":"","format":"standard","meta":{"footnotes":""},"categories":[3],"tags":[],"class_list":["post-72424","post","type-post","status-publish","format-standard","has-post-thumbnail","hentry","category-ultimas-noticias"],"_links":{"self":[{"href":"https:\/\/ic.tecnopc.com.ar\/index.php\/wp-json\/wp\/v2\/posts\/72424","targetHints":{"allow":["GET"]}}],"collection":[{"href":"https:\/\/ic.tecnopc.com.ar\/index.php\/wp-json\/wp\/v2\/posts"}],"about":[{"href":"https:\/\/ic.tecnopc.com.ar\/index.php\/wp-json\/wp\/v2\/types\/post"}],"author":[{"embeddable":true,"href":"https:\/\/ic.tecnopc.com.ar\/index.php\/wp-json\/wp\/v2\/users\/1"}],"replies":[{"embeddable":true,"href":"https:\/\/ic.tecnopc.com.ar\/index.php\/wp-json\/wp\/v2\/comments?post=72424"}],"version-history":[{"count":0,"href":"https:\/\/ic.tecnopc.com.ar\/index.php\/wp-json\/wp\/v2\/posts\/72424\/revisions"}],"wp:featuredmedia":[{"embeddable":true,"href":"https:\/\/ic.tecnopc.com.ar\/index.php\/wp-json\/"}],"wp:attachment":[{"href":"https:\/\/ic.tecnopc.com.ar\/index.php\/wp-json\/wp\/v2\/media?parent=72424"}],"wp:term":[{"taxonomy":"category","embeddable":true,"href":"https:\/\/ic.tecnopc.com.ar\/index.php\/wp-json\/wp\/v2\/categories?post=72424"},{"taxonomy":"post_tag","embeddable":true,"href":"https:\/\/ic.tecnopc.com.ar\/index.php\/wp-json\/wp\/v2\/tags?post=72424"}],"curies":[{"name":"wp","href":"https:\/\/api.w.org\/{rel}","templated":true}]}}