{"id":72427,"date":"2006-02-16T03:00:00","date_gmt":"2006-02-16T06:00:00","guid":{"rendered":"http:\/\/martineziuliano.com.ar\/web\/estado-sin-vision-estrategica-i\/"},"modified":"2006-02-16T03:00:00","modified_gmt":"2006-02-16T06:00:00","slug":"estado-sin-vision-estrategica-i","status":"publish","type":"post","link":"https:\/\/ic.tecnopc.com.ar\/index.php\/2006\/02\/16\/estado-sin-vision-estrategica-i\/","title":{"rendered":"ESTADO SIN VISI\u00d3N ESTRAT\u00c9GICA I"},"content":{"rendered":"<div>\n<div><span style=\"color: #3366ff;\">Empresarios bonaerenses se quejan del plan para racionalizar  el uso de energ\u00eda el\u00e9ctrica<\/span><\/div>\n<\/p><\/div>\n<div><\/div>\n<div>La Plata, feb. 15 (NA) &#8212; Empresarios bonaerenses expresaron  hoy su &#8220;en\u00e9rgico rechazo&#8221; al programa oficial para el uso racional de la  electricidad, que prev\u00e9 multas a los infractores, y aseguraron que la medida es  &#8220;contradictoria al plan de crecimiento de la producci\u00f3n&#8221;. <br \/>&#8220;Se castiga a los  inversores y a la generaci\u00f3n de nuevos puestos de trabajo&#8221;, se\u00f1alaron en un  comunicado FEBA y ADIBA, entidades que agrupan a empresarios bonaerenses.  <br \/>Asimismo, consideraron que este programa es &#8220;contradictorio de la pol\u00edtica  de mantenimiento de los precios que la industria viene realizando conjuntamente  con el gobierno, ya que la misma posee car\u00e1cter inflacionario&#8221;. <br \/>Los  empresarios se quejaron de la puesta en vigencia de la resoluci\u00f3n 689\/05, por la  cual se establece la aplicaci\u00f3n a partir del primero de diciembre pasado del  nuevo Programa de Uso Racional de la Energ\u00eda El\u00e9ctrica (PUREE), donde se impone  multa a los usuarios de energ\u00eda el\u00e9ctrica que no hayan reducido su consumo en un  10 por ciento. <br \/>Las dos entidades solicitaron a los organismos de Estado que  revean &#8220;inmediatamente esta medida totalmente nociva para la industria en su  conjunto&#8221;.<\/div>\n","protected":false},"excerpt":{"rendered":"<div>\n<div><span style=\"color: #3366ff;\">Empresarios bonaerenses se quejan del plan para racionalizar  el uso de energ\u00eda el\u00e9ctrica<\/span><\/div>\n<\/p><\/div>\n<div><\/div>\n<div>La Plata, feb. 15 (NA) &#8212; Empresarios bonaerenses expresaron  hoy su &#8220;en\u00e9rgico rechazo&#8221; al programa oficial para el uso racional de la  electricidad, que prev\u00e9 multas a los infractores, y aseguraron que la medida es  &#8220;contradictoria al plan de crecimiento de la producci\u00f3n&#8221;.<\/p>\n","protected":false},"author":1,"featured_media":73547,"comment_status":"closed","ping_status":"open","sticky":false,"template":"","format":"standard","meta":{"footnotes":""},"categories":[3],"tags":[],"class_list":["post-72427","post","type-post","status-publish","format-standard","has-post-thumbnail","hentry","category-ultimas-noticias"],"_links":{"self":[{"href":"https:\/\/ic.tecnopc.com.ar\/index.php\/wp-json\/wp\/v2\/posts\/72427","targetHints":{"allow":["GET"]}}],"collection":[{"href":"https:\/\/ic.tecnopc.com.ar\/index.php\/wp-json\/wp\/v2\/posts"}],"about":[{"href":"https:\/\/ic.tecnopc.com.ar\/index.php\/wp-json\/wp\/v2\/types\/post"}],"author":[{"embeddable":true,"href":"https:\/\/ic.tecnopc.com.ar\/index.php\/wp-json\/wp\/v2\/users\/1"}],"replies":[{"embeddable":true,"href":"https:\/\/ic.tecnopc.com.ar\/index.php\/wp-json\/wp\/v2\/comments?post=72427"}],"version-history":[{"count":0,"href":"https:\/\/ic.tecnopc.com.ar\/index.php\/wp-json\/wp\/v2\/posts\/72427\/revisions"}],"wp:featuredmedia":[{"embeddable":true,"href":"https:\/\/ic.tecnopc.com.ar\/index.php\/wp-json\/"}],"wp:attachment":[{"href":"https:\/\/ic.tecnopc.com.ar\/index.php\/wp-json\/wp\/v2\/media?parent=72427"}],"wp:term":[{"taxonomy":"category","embeddable":true,"href":"https:\/\/ic.tecnopc.com.ar\/index.php\/wp-json\/wp\/v2\/categories?post=72427"},{"taxonomy":"post_tag","embeddable":true,"href":"https:\/\/ic.tecnopc.com.ar\/index.php\/wp-json\/wp\/v2\/tags?post=72427"}],"curies":[{"name":"wp","href":"https:\/\/api.w.org\/{rel}","templated":true}]}}