{"id":72448,"date":"2005-12-07T03:00:00","date_gmt":"2005-12-07T06:00:00","guid":{"rendered":"http:\/\/martineziuliano.com.ar\/web\/vacaciones-del-personal\/"},"modified":"2005-12-07T03:00:00","modified_gmt":"2005-12-07T06:00:00","slug":"vacaciones-del-personal","status":"publish","type":"post","link":"https:\/\/ic.tecnopc.com.ar\/index.php\/2005\/12\/07\/vacaciones-del-personal\/","title":{"rendered":"VACACIONES DEL PERSONAL"},"content":{"rendered":"<div><span style=\"color: #3366ff;\">Normas B\u00e1sicas a Considerar<\/span><\/div>\n<div><\/div>\n<div>\n<div>A los efectos de liquidar las vacaciones correspondientes al  a\u00f1o 2005, deber\u00e1n tener en cuenta las siguientes consideraciones:<br \/>\u2022 Las  vacaciones deben comunicarse con 45 d\u00edas de anticipaci\u00f3n <br \/>\u2022 Siempre comienzan  un lunes y los feriados incluidos dentro del per\u00edodo vacacional no hay que  abonarlos, por considerarse incluidos dentro de la licencia.<br \/>\u2022 La  comunicaci\u00f3n firmada por el empleado debe ser remitida a nuestro Estudio, a los  efectos de confeccionar los correspondientes recibos con el plus  vacacional.<br \/>\u2022 A los efectos de saber cuantos d\u00edas corresponden, la  legislaci\u00f3n general indica lo siguiente: a) (14) d\u00edas corridos, cuando la  antig\u00fcedad en el empleo no exceda de cinco a\u00f1os. b) (21) d\u00edas corridos, cuando  siendo la antig\u00fcedad mayor de cinco a\u00f1os, no exceda de diez . c) (28) d\u00edas  corridos, cuando la antig\u00fcedad siendo mayor de diez a\u00f1os, no exceda de veinte.  d) (35) d\u00edas corridos, cuando la antig\u00fcedad exceda de veinte a\u00f1os.<br \/>\u2022 Texto  b\u00e1sico de la comunicaci\u00f3n:<br \/>Por intermedio de la presente comunico a Ud. que  su per\u00edodo vacacional correspondiente al a\u00f1o 2005, es de __ d\u00edas corridos, y  comprender\u00e1 el per\u00edodo del___ de ____________ de 200_ al ___ de  _________________ de 200__, debiendo reintegrase a sus tareas en su horario  normal de trabajo el d\u00eda __ de _______________________ de 200__.Buenos Aires, __  de __________________ de 2005.<\/p>\n<p>Me notifico:  _________________________________<\/p>\n<p>Firma y aclaraci\u00f3n del empleado:  _______________________________<\/p><\/div>\n<\/p><\/div>\n","protected":false},"excerpt":{"rendered":"<div><span style=\"color: #3366ff;\">Normas B\u00e1sicas a Considerar<\/span><\/div>\n<div><\/div>\n<div>\n<div>A los efectos de liquidar las vacaciones correspondientes al  a\u00f1o 2005, deber\u00e1n tener en cuenta las siguientes consideraciones:<br \/>\u2022 Las  vacaciones deben comunicarse con 45 d\u00edas de anticipaci\u00f3n<\/p>\n","protected":false},"author":1,"featured_media":0,"comment_status":"closed","ping_status":"open","sticky":false,"template":"","format":"standard","meta":{"footnotes":""},"categories":[3],"tags":[],"class_list":["post-72448","post","type-post","status-publish","format-standard","hentry","category-ultimas-noticias"],"_links":{"self":[{"href":"https:\/\/ic.tecnopc.com.ar\/index.php\/wp-json\/wp\/v2\/posts\/72448","targetHints":{"allow":["GET"]}}],"collection":[{"href":"https:\/\/ic.tecnopc.com.ar\/index.php\/wp-json\/wp\/v2\/posts"}],"about":[{"href":"https:\/\/ic.tecnopc.com.ar\/index.php\/wp-json\/wp\/v2\/types\/post"}],"author":[{"embeddable":true,"href":"https:\/\/ic.tecnopc.com.ar\/index.php\/wp-json\/wp\/v2\/users\/1"}],"replies":[{"embeddable":true,"href":"https:\/\/ic.tecnopc.com.ar\/index.php\/wp-json\/wp\/v2\/comments?post=72448"}],"version-history":[{"count":0,"href":"https:\/\/ic.tecnopc.com.ar\/index.php\/wp-json\/wp\/v2\/posts\/72448\/revisions"}],"wp:attachment":[{"href":"https:\/\/ic.tecnopc.com.ar\/index.php\/wp-json\/wp\/v2\/media?parent=72448"}],"wp:term":[{"taxonomy":"category","embeddable":true,"href":"https:\/\/ic.tecnopc.com.ar\/index.php\/wp-json\/wp\/v2\/categories?post=72448"},{"taxonomy":"post_tag","embeddable":true,"href":"https:\/\/ic.tecnopc.com.ar\/index.php\/wp-json\/wp\/v2\/tags?post=72448"}],"curies":[{"name":"wp","href":"https:\/\/api.w.org\/{rel}","templated":true}]}}