{"id":72479,"date":"2005-10-04T03:00:00","date_gmt":"2005-10-04T06:00:00","guid":{"rendered":"http:\/\/martineziuliano.com.ar\/web\/reaccion-empresaria\/"},"modified":"2005-10-04T03:00:00","modified_gmt":"2005-10-04T06:00:00","slug":"reaccion-empresaria","status":"publish","type":"post","link":"https:\/\/ic.tecnopc.com.ar\/index.php\/2005\/10\/04\/reaccion-empresaria\/","title":{"rendered":"REACCI\u00d3N EMPRESARIA"},"content":{"rendered":"<div><span style=\"color: #3366ff;\">Empresarios creen que suba de precios obedece a varios  factores y no s\u00f3lo es culpa del sector privado<\/span><\/div>\n<div><\/div>\n<div>\n<div>Buenos Aires, oct. 4 (NA) &#8212; Empresarios consideraron hoy que  el alza de precios se debe a un conjunto de factores y no s\u00f3lo es  responsabilidad de una decisi\u00f3n del sector privado para aumentar sus utilidades,  al comentar las cr\u00edticas realizadas por la candidata a senadora Cristina  Fern\u00e1ndez de Kirchner. <br \/>Si bien ning\u00fan empresario quiso polemizar con la  primera dama, y algunos hasta prefirieron hablar con pedido de no ser  identificados, las palabras de Cristina Fern\u00e1ndez no recibieron buena acogida en  el sector privado. <br \/>Ayer, durante un almuerzo con hombres de negocios de  primera l\u00ednea agrupados en IDEA, la candidata hab\u00eda acusado a un sector del  empresariado de generar inflaci\u00f3n &#8220;v\u00eda aumento de precios&#8221;, y les hab\u00eda  reclamado &#8220;responsabilidad social&#8221; para que el crecimiento se traduzca en una  mejor distribuci\u00f3n de la riqueza. <br \/>Pero desde el sector privado salieron a  recordar que el incremento de precios es responsabilidad de m\u00faltiples factores,  que incluyen la suba del tipo de cambio, el incremento del costo de las materias  primas, la mayor demanda y un escenario de recomposici\u00f3n de valores que hab\u00edan  quedado atrasados tras la devaluaci\u00f3n. <br \/>En el empresario existe preocupaci\u00f3n  por la falta de una reforma tributaria que reduzca la presi\u00f3n impositiva.  <br \/>Para el titular del Grupo Zurich, Santiago del Sel, es necesario saber &#8220;qu\u00e9  va a hacer el Gobierno para atacar el peor impuesto que paga la gente, el  inflacionario&#8221;. <br \/>Por su parte, el directivo de la UIA Horacio Mart\u00ednez, de la  c\u00e1mara naviera, dijo que los industriales no se hacen cargo de las cr\u00edticas  formuladas por la primera dama. <br \/>&#8220;No se le puede endilgar a los industriales  el tema precios, desde la UIA ya dijimos que la inflaci\u00f3n es la suma de una  serie de factores, por eso no nos ponemos ese sayo&#8221;, se\u00f1al\u00f3 Mart\u00ednez en di\u00e1logo  con la agencia NA. <br \/>Igual, el directivo de la UIA aclar\u00f3 que no hab\u00eda  escuchado las declaraciones de Cristina Fern\u00e1ndez porque lleg\u00f3 hoy al pa\u00eds, y de  paso evit\u00f3 entrar en pol\u00e9micas. <br \/>&#8220;Desde la c\u00e1mara naviera obviamente no somos  formadores de precios para nada, y tampoco la mayor\u00eda de los industriales&#8221;,  se\u00f1al\u00f3 Mart\u00ednez. <br \/>Las cr\u00edticas de la candidata fueron escuchadas ayer por  empresarios de primera l\u00ednea como Enrique Pescarmona (Impsa), Oscar Vicente  (Petrobras); Juan Manuel Forn (Molinos), Jorge Romero Vagni y Alfredo Coto.  <br \/>&#8220;El punto m\u00e1s de inflaci\u00f3n deber\u00edamos colocarlo en el sector privado. Este  modelo no produce inflaci\u00f3n y muchas veces la crean los propios empresarios que,  en vez de invertir, aumentan su rentabilidad v\u00eda precios&#8221;, se hab\u00eda quejado  Cristina Fern\u00e1ndez. <br \/>Desde las c\u00e1maras empresarias se viene reclamando desde  hace varios meses por una reforma tributaria &#8220;en serio&#8221;. <br \/>Fue un tema que se  trat\u00f3 en las \u00faltimas reuniones de la C\u00e1mara de Comercio, donde adem\u00e1s se  cuestionan tasas que cobran los municipios, como las de Abasto, por considerarla  un &#8220;impuesto distorsivo&#8221;. <br \/>Tambi\u00e9n hay fuertes cr\u00edticas al impuesto al  Cheque, un gravamen ideado en su momento por el ex ministro Domingo Cavallo y  que nadie, ni Roberto Lavagna, se anim\u00f3 a eliminar, y que goza de buena salud en  el Presupuesto 2006. <br \/>&#8220;No hay empresario que no se queje, pero no tenemos una  gran presi\u00f3n tributaria. Tal vez el mayor problema es la evasi\u00f3n y en eso tienen  que ver los empresarios&#8221;, hab\u00eda asegurado Cristina Kirchner. <br \/>Por las dudas,  Pescarmona aclar\u00f3 el compromiso del sector privado con el pago de impuestos y el  cumplimiento de la ley, pero evit\u00f3 polemizar con Cristina. <br \/>&#8220;No me parece muy  distinto de lo que ha dicho la senadora&#8221;, sostuvo el due\u00f1o de IMPSA. <br \/>Por su  parte, el presidente de la C\u00e1mara del Juguete, Miguel Faraoni, justific\u00f3 la  preocupaci\u00f3n oficial por la inflaci\u00f3n. <br \/>&#8220;En nuestro sector el petr\u00f3leo es una  materia prima fundamental, y ha experimentado una fuerte alza en los \u00faltimos  a\u00f1os, y tambi\u00e9n los trabajadores del sector pl\u00e1stico han tenido un incremento  salarial del 40 por ciento&#8221;, se\u00f1al\u00f3 Faraoni en di\u00e1logo con NA. <br \/>Faraoni  destac\u00f3 &#8220;el rumbo productivo que el gobierno le quiere imprimir a la econom\u00eda, y  en especial destac\u00f3 la iniciativa enviada al Congreso para que las pymes puedan  reinvertir sus utilidades sin pagar Ganancias por dos a\u00f1os&#8221;. <br \/>&#8220;Esa medida es  positiva, pero igual est\u00e1 claro que una decisi\u00f3n sola no ayudar\u00e1 a sacar  adelante a la Argentina&#8221;, aclar\u00f3 el empresario.<\/div>\n<\/p><\/div>\n","protected":false},"excerpt":{"rendered":"<div><span style=\"color: #3366ff;\">Empresarios creen que suba de precios obedece a varios  factores y no s\u00f3lo es culpa del sector privado<\/span><\/div>\n<div><\/div>\n<div>\n<div>Buenos Aires, oct. 4 (NA) &#8212; Empresarios consideraron hoy que  el alza de precios se debe a un conjunto de factores y no s\u00f3lo es  responsabilidad de una decisi\u00f3n del sector privado para aumentar sus utilidades,  al comentar las cr\u00edticas realizadas por la candidata a senadora Cristina  Fern\u00e1ndez de Kirchner. <br \/>Si bien ning\u00fan empresario quiso polemizar con la  primera dama, y algunos hasta prefirieron hablar con pedido de no ser  identificados, las palabras de Cristina Fern\u00e1ndez no recibieron buena acogida en  el sector privado.<\/p>\n","protected":false},"author":1,"featured_media":0,"comment_status":"closed","ping_status":"open","sticky":false,"template":"","format":"standard","meta":{"footnotes":""},"categories":[3],"tags":[],"class_list":["post-72479","post","type-post","status-publish","format-standard","hentry","category-ultimas-noticias"],"_links":{"self":[{"href":"https:\/\/ic.tecnopc.com.ar\/index.php\/wp-json\/wp\/v2\/posts\/72479","targetHints":{"allow":["GET"]}}],"collection":[{"href":"https:\/\/ic.tecnopc.com.ar\/index.php\/wp-json\/wp\/v2\/posts"}],"about":[{"href":"https:\/\/ic.tecnopc.com.ar\/index.php\/wp-json\/wp\/v2\/types\/post"}],"author":[{"embeddable":true,"href":"https:\/\/ic.tecnopc.com.ar\/index.php\/wp-json\/wp\/v2\/users\/1"}],"replies":[{"embeddable":true,"href":"https:\/\/ic.tecnopc.com.ar\/index.php\/wp-json\/wp\/v2\/comments?post=72479"}],"version-history":[{"count":0,"href":"https:\/\/ic.tecnopc.com.ar\/index.php\/wp-json\/wp\/v2\/posts\/72479\/revisions"}],"wp:attachment":[{"href":"https:\/\/ic.tecnopc.com.ar\/index.php\/wp-json\/wp\/v2\/media?parent=72479"}],"wp:term":[{"taxonomy":"category","embeddable":true,"href":"https:\/\/ic.tecnopc.com.ar\/index.php\/wp-json\/wp\/v2\/categories?post=72479"},{"taxonomy":"post_tag","embeddable":true,"href":"https:\/\/ic.tecnopc.com.ar\/index.php\/wp-json\/wp\/v2\/tags?post=72479"}],"curies":[{"name":"wp","href":"https:\/\/api.w.org\/{rel}","templated":true}]}}