{"id":72507,"date":"2005-08-30T03:00:00","date_gmt":"2005-08-30T06:00:00","guid":{"rendered":"http:\/\/martineziuliano.com.ar\/web\/descartan-rebaja-impositiva\/"},"modified":"2005-08-30T03:00:00","modified_gmt":"2005-08-30T06:00:00","slug":"descartan-rebaja-impositiva","status":"publish","type":"post","link":"https:\/\/ic.tecnopc.com.ar\/index.php\/2005\/08\/30\/descartan-rebaja-impositiva\/","title":{"rendered":"DESCARTAN REBAJA IMPOSITIVA"},"content":{"rendered":"<div><span style=\"color: #3366ff;\">Tras una llamada del Gobierno, el Senado no tratar\u00e1 una suba  del m\u00ednimo no imponible para pagar Bienes Personales<\/span><\/div>\n<div>\n<div>Buenos Aires, ago. 29 (NA) &#8212; El titular de la Comisi\u00f3n de  Presupuesto y Hacienda del Senado, el justicialista, Jorge Capitanich, neg\u00f3 hoy  que el cuerpo estudie tratar un proyecto para incrementar de 102 mil a 300 mil  pesos el m\u00ednimo no imponible del impuesto a los Bienes Personales. <br \/>&#8220;El PJ no  va a impulsar nada sin consultar al Ministerio de Econom\u00eda porque esta medida  afecta directamente a los recursos&#8221;, explic\u00f3 Capitanich, en di\u00e1logo con la  prensa en el Senado, con lo que sali\u00f3 al cruce de versiones que circularon  durante la jornada. <br \/>El legislador revel\u00f3 que esta ma\u00f1ana se comunic\u00f3 con el  Jefe de gabinete, Alberto Fern\u00e1ndez, quien le trasmiti\u00f3 la oposici\u00f3n del  Gobierno al proyecto. <br \/>No obstante, en el temario de la reuni\u00f3n de la  Comisi\u00f3n de Presupuesto y Hacienda convocada para ma\u00f1ana, est\u00e1n incluidos dos  proyectos -del justicialista Marcelo L\u00f3pez Arias y del provincial Pedro  Salvatori&#8211; en los cuales se proponen que el m\u00ednimo se eleve a casi el triple.  <br \/>Seg\u00fan se\u00f1al\u00f3 Capitanich, la Comisi\u00f3n solo dar\u00e1 &#8220;entrada formal&#8221; a la  propuesta, aunque descart\u00f3 que se avance en su tratamiento: &#8220;la intenci\u00f3n del  Gobierno es no efectuar ninguna modificaci\u00f3n al m\u00ednimo imponible&#8221;, dijo. <br \/>En  la propuesta se establece que quedar\u00e1n exentas del pago de Bienes Personales las  acciones en el marco del Programa de Propiedad Participada que est\u00e9n destinadas  a ser o hayan sido adquiridas por trabajadores. <br \/>Adem\u00e1s, se fija que no  estar\u00e1n alcanzados por este tributo los sujetos cuyos bienes resulten iguales o  inferiores a 300 mil pesos. <br \/>Y tambi\u00e9n se modifica la progresi\u00f3n de la  al\u00edcuota de Bienes Personales: hasta 500 mil pesos se pagar\u00e1 0,5 por ciento  sobre excedente, y por encima del medio mill\u00f3n de pesos, el 0,75 por  ciento.<\/div>\n<\/p><\/div>\n","protected":false},"excerpt":{"rendered":"<div><span style=\"color: #3366ff;\">Tras una llamada del Gobierno, el Senado no tratar\u00e1 una suba  del m\u00ednimo no imponible para pagar Bienes Personales<\/span><\/div>\n<div>\n<div>Buenos Aires, ago. 29 (NA) &#8212; El titular de la Comisi\u00f3n de  Presupuesto y Hacienda del Senado, el justicialista, Jorge Capitanich, neg\u00f3 hoy  que el cuerpo estudie tratar un proyecto para incrementar de 102 mil a 300 mil  pesos el m\u00ednimo no imponible del impuesto a los Bienes Personales.<\/p>\n","protected":false},"author":1,"featured_media":0,"comment_status":"closed","ping_status":"open","sticky":false,"template":"","format":"standard","meta":{"footnotes":""},"categories":[3],"tags":[],"class_list":["post-72507","post","type-post","status-publish","format-standard","hentry","category-ultimas-noticias"],"_links":{"self":[{"href":"https:\/\/ic.tecnopc.com.ar\/index.php\/wp-json\/wp\/v2\/posts\/72507","targetHints":{"allow":["GET"]}}],"collection":[{"href":"https:\/\/ic.tecnopc.com.ar\/index.php\/wp-json\/wp\/v2\/posts"}],"about":[{"href":"https:\/\/ic.tecnopc.com.ar\/index.php\/wp-json\/wp\/v2\/types\/post"}],"author":[{"embeddable":true,"href":"https:\/\/ic.tecnopc.com.ar\/index.php\/wp-json\/wp\/v2\/users\/1"}],"replies":[{"embeddable":true,"href":"https:\/\/ic.tecnopc.com.ar\/index.php\/wp-json\/wp\/v2\/comments?post=72507"}],"version-history":[{"count":0,"href":"https:\/\/ic.tecnopc.com.ar\/index.php\/wp-json\/wp\/v2\/posts\/72507\/revisions"}],"wp:attachment":[{"href":"https:\/\/ic.tecnopc.com.ar\/index.php\/wp-json\/wp\/v2\/media?parent=72507"}],"wp:term":[{"taxonomy":"category","embeddable":true,"href":"https:\/\/ic.tecnopc.com.ar\/index.php\/wp-json\/wp\/v2\/categories?post=72507"},{"taxonomy":"post_tag","embeddable":true,"href":"https:\/\/ic.tecnopc.com.ar\/index.php\/wp-json\/wp\/v2\/tags?post=72507"}],"curies":[{"name":"wp","href":"https:\/\/api.w.org\/{rel}","templated":true}]}}