{"id":72523,"date":"2005-08-11T03:00:00","date_gmt":"2005-08-11T06:00:00","guid":{"rendered":"http:\/\/martineziuliano.com.ar\/web\/incremento-del-costo-laboral\/"},"modified":"2005-08-11T03:00:00","modified_gmt":"2005-08-11T06:00:00","slug":"incremento-del-costo-laboral","status":"publish","type":"post","link":"https:\/\/ic.tecnopc.com.ar\/index.php\/2005\/08\/11\/incremento-del-costo-laboral\/","title":{"rendered":"INCREMENTO DEL COSTO LABORAL"},"content":{"rendered":"<div><span style=\"color: #3366ff;\">La UIA advierte que los juicios laborales van en aumento, y  le pide al Gobierno que frene esta situaci\u00f3n<\/span><\/div>\n<div>C\u00f3rdoba, ago. 9 (NA) &#8212; La Uni\u00f3n Industrial Argentina  advirti\u00f3 hoy que este a\u00f1o se va a triplicar el nivel de juicios por accidentes  laborales en comparaci\u00f3n a 2003, y advirti\u00f3 que con el proyecto de ley de ART  que impulsa el Gobierno &#8220;se puede agravar&#8221; la situaci\u00f3n actual.<\/div>\n<div>As\u00ed lo  se\u00f1alaron el presidente del Departamento de Pol\u00edtica Social de la UIA, Daniel  Funes de Rioja, y el miembro del Comit\u00e9 Ejecutivo de la central fabril Horacio  Mart\u00ednez, en el marco del Primer Foro Nacional de la Industria que se llev\u00f3 a  cabo en esta capital provincial. <br \/>Funes de Rioja puntualiz\u00f3 que este a\u00f1o &#8220;se  va a triplicar la litigiosidad de 2003: tenemos una proyecci\u00f3n 10 mil juicios  anuales, con uno costo promedio para los empleados del 7 al 25 por ciento,  litigando en cifras que van de 50 mil a 100 mil pesos&#8221;. <br \/>Seg\u00fan el dirigente,  &#8220;con la l\u00ednea de la reforma que impulsa el Gobierno no se van a resolver los  problemas de litigiosidad que hoy tenemos. Al contrario, se puede agravar la  situaci\u00f3n&#8221;. <br \/>Funes de Rioja estim\u00f3 que &#8220;lo que hay que resolver, desde lo  jur\u00eddico, es la reglamentaci\u00f3n de lo que llamamos doble v\u00eda: no puede ser que un  trabajador pueda hacer juicio por accidente laboral a trav\u00e9s de la ART en la  cual est\u00e1 inscripto, y a la vez hacer juicio a la empresa a trav\u00e9s de la  justicia civil&#8221;. <br \/>&#8220;Esto es lo que hay que reglamentar. Y si un trabajador  elige la v\u00eda civil y le va mal, no va a tener que poder recurrir a la ley de  ART&#8221;, para cobrar la indemnizaci\u00f3n correspondiente, enfatiz\u00f3. <br \/>El directivo  se\u00f1al\u00f3, adem\u00e1s, que los fallos de la Corte Suprema que habilitaron la &#8220;doble  v\u00eda&#8221; que critican los industriales &#8220;han generado incertidumbre pol\u00edtica y  econ\u00f3mica y como consecuencia de ello, desprotegen sobre todo a las pymes y a  los trabajadores, porque si las empresas no pueden pagar el seguro, los  empleados, a la hora de cobrar indemnizaciones, no podr\u00e1n cobrar nada&#8221;. <br \/>Por  su parte, Mart\u00ednez asegur\u00f3 que &#8220;de no resolverse de inmediato esta situaci\u00f3n  creada por los recientes fallos (de la Corte Suprema) se afectar\u00e1 muy seriamente  la competitividad del sector industrial&#8221;. <br \/>Seg\u00fan el empresario, &#8220;estamos en  un punto de inflexi\u00f3n caracterizado por una gran incertidumbre jur\u00eddica para  empresas y trabajadores que ser\u00e1n llevados a litigios de dudosa procedencia o  alta incobrabilidad&#8221;. <br \/>Mart\u00ednez consider\u00f3 que los empresarios &#8220;no pretendemos  eludir nuestras responsabilidades de prevenci\u00f3n, ni en la protecci\u00f3n de nuestros  trabajadores, sino que se\u00f1alamos que para que la prevenci\u00f3n y la protecci\u00f3n sean  realidad se requiere certidumbre y racionalidad en las reglas de juego&#8221;. <br \/>En  ese sentido, dijo que &#8220;debemos evitar volver al pasado, donde ten\u00edamos una  litigiosidad exuberante que quebraba empresas y no proteg\u00eda a los trabajadores&#8221;.  <br \/>Tambi\u00e9n, el empresario resalt\u00f3 que en la UIA &#8220;estamos convencidos de que uno  de los logros es tener aseguradoras que hoy s\u00ed pueden decirse son especializadas  en el mercado argentino. <br \/>Entendemos como una buena se\u00f1al la necesidad de dar  cabida a entidades sin fines de lucro al estilo de las mutuas chilenas o  espa\u00f1olas, que puedan servir de referentes al actual sistema&#8221;.<\/div>\n","protected":false},"excerpt":{"rendered":"<div><span style=\"color: #3366ff;\">La UIA advierte que los juicios laborales van en aumento, y  le pide al Gobierno que frene esta situaci\u00f3n<\/span><\/div>\n<div>C\u00f3rdoba, ago. 9 (NA) &#8212; La Uni\u00f3n Industrial Argentina  advirti\u00f3 hoy que este a\u00f1o se va a triplicar el nivel de juicios por accidentes  laborales en comparaci\u00f3n a 2003, y advirti\u00f3 que con el proyecto de ley de ART  que impulsa el Gobierno &#8220;se puede agravar&#8221; la situaci\u00f3n actual.<\/div>\n<div>\n","protected":false},"author":1,"featured_media":0,"comment_status":"closed","ping_status":"open","sticky":false,"template":"","format":"standard","meta":{"footnotes":""},"categories":[3],"tags":[],"class_list":["post-72523","post","type-post","status-publish","format-standard","hentry","category-ultimas-noticias"],"_links":{"self":[{"href":"https:\/\/ic.tecnopc.com.ar\/index.php\/wp-json\/wp\/v2\/posts\/72523","targetHints":{"allow":["GET"]}}],"collection":[{"href":"https:\/\/ic.tecnopc.com.ar\/index.php\/wp-json\/wp\/v2\/posts"}],"about":[{"href":"https:\/\/ic.tecnopc.com.ar\/index.php\/wp-json\/wp\/v2\/types\/post"}],"author":[{"embeddable":true,"href":"https:\/\/ic.tecnopc.com.ar\/index.php\/wp-json\/wp\/v2\/users\/1"}],"replies":[{"embeddable":true,"href":"https:\/\/ic.tecnopc.com.ar\/index.php\/wp-json\/wp\/v2\/comments?post=72523"}],"version-history":[{"count":0,"href":"https:\/\/ic.tecnopc.com.ar\/index.php\/wp-json\/wp\/v2\/posts\/72523\/revisions"}],"wp:attachment":[{"href":"https:\/\/ic.tecnopc.com.ar\/index.php\/wp-json\/wp\/v2\/media?parent=72523"}],"wp:term":[{"taxonomy":"category","embeddable":true,"href":"https:\/\/ic.tecnopc.com.ar\/index.php\/wp-json\/wp\/v2\/categories?post=72523"},{"taxonomy":"post_tag","embeddable":true,"href":"https:\/\/ic.tecnopc.com.ar\/index.php\/wp-json\/wp\/v2\/tags?post=72523"}],"curies":[{"name":"wp","href":"https:\/\/api.w.org\/{rel}","templated":true}]}}