{"id":72526,"date":"2005-08-09T03:00:00","date_gmt":"2005-08-09T06:00:00","guid":{"rendered":"http:\/\/martineziuliano.com.ar\/web\/proponen-cambios-al-rafa\/"},"modified":"2005-08-09T03:00:00","modified_gmt":"2005-08-09T06:00:00","slug":"proponen-cambios-al-rafa","status":"publish","type":"post","link":"https:\/\/ic.tecnopc.com.ar\/index.php\/2005\/08\/09\/proponen-cambios-al-rafa\/","title":{"rendered":"PROPONEN CAMBIOS AL R.A.F.A"},"content":{"rendered":"<div><span style=\"color: #3366ff;\">Pymes renuevan reclamos contra el plan oficial para  refinanciar deudas impositivas<\/span><\/div>\n<div>Buenos Aires, ago. 8 (NA) &#8212; Las pymes agrupadas en la  Confederaci\u00f3n Argentina de la Mediana Empresa (CAME) volver\u00e1n a reclamarle al  Gobierno que modifique el plan de refinanciaci\u00f3n de deudas impositivas  implementado por la AFIP.<\/div>\n<div>A trav\u00e9s de una campa\u00f1a de afiches en la v\u00eda  p\u00fablica, los empresarios intentar\u00e1n que se introduzcan modificaciones al R\u00e9gimen  de Asistencia Financiera Ampliada (RAFA). <br \/>En este sentido, los directivos de  la CAME se\u00f1alaron que el RAFA act\u00faa &#8220;como un salvavidas de plomo&#8221;. <br \/>Al cabo  de una entrevista con los ministros de Econom\u00eda, Roberto Lavagna, y de Trabajo,  Carlos Tomada, la entidad presidida por Osvaldo Cornide decidi\u00f3 avanzar en una  propuesta alternativa que &#8220;alivie de manera real la situaci\u00f3n de m\u00e1s de 200 mil  pymes&#8221;. <br \/>&#8220;El sistema dispuesto por la AFIP triplic\u00f3 las deudas tributarias y  previsionales del sector y, lejos de traer alivio, perjudic\u00f3 a las empresas&#8221;,  afirmaron los directivos. <br \/>Asimismo, consideraron que &#8220;durante la crisis de  2001 y 2002 las pymes privilegiaron el pago de salarios y proveedores por lo que  deber\u00eda buscarse un mecanismo que atienda esa situaci\u00f3n y normalice el  endeudamiento fiscal sin castigar con multas e intereses del 3 y 4 por ciento  mensual que contempla en la actualidad el RAFA&#8221;. <br \/>En tal sentido, la entidad  grafic\u00f3 la situaci\u00f3n con un ejemplo: <br \/>un empresario con una deuda de 90.745,6  pesos en 2001, tuvo que pagar compensatorios por 128 mil pesos y otros 72 mil  por intereses, con lo que las obligaciones totales ascienden a 291 mil  pesos.<\/div>\n","protected":false},"excerpt":{"rendered":"<div><span style=\"color: #3366ff;\">Pymes renuevan reclamos contra el plan oficial para  refinanciar deudas impositivas<\/span><\/div>\n<div>Buenos Aires, ago. 8 (NA) &#8212; Las pymes agrupadas en la  Confederaci\u00f3n Argentina de la Mediana Empresa (CAME) volver\u00e1n a reclamarle al  Gobierno que modifique el plan de refinanciaci\u00f3n de deudas impositivas  implementado por la AFIP.<\/div>\n<div>\n","protected":false},"author":1,"featured_media":0,"comment_status":"closed","ping_status":"open","sticky":false,"template":"","format":"standard","meta":{"footnotes":""},"categories":[3],"tags":[],"class_list":["post-72526","post","type-post","status-publish","format-standard","hentry","category-ultimas-noticias"],"_links":{"self":[{"href":"https:\/\/ic.tecnopc.com.ar\/index.php\/wp-json\/wp\/v2\/posts\/72526","targetHints":{"allow":["GET"]}}],"collection":[{"href":"https:\/\/ic.tecnopc.com.ar\/index.php\/wp-json\/wp\/v2\/posts"}],"about":[{"href":"https:\/\/ic.tecnopc.com.ar\/index.php\/wp-json\/wp\/v2\/types\/post"}],"author":[{"embeddable":true,"href":"https:\/\/ic.tecnopc.com.ar\/index.php\/wp-json\/wp\/v2\/users\/1"}],"replies":[{"embeddable":true,"href":"https:\/\/ic.tecnopc.com.ar\/index.php\/wp-json\/wp\/v2\/comments?post=72526"}],"version-history":[{"count":0,"href":"https:\/\/ic.tecnopc.com.ar\/index.php\/wp-json\/wp\/v2\/posts\/72526\/revisions"}],"wp:attachment":[{"href":"https:\/\/ic.tecnopc.com.ar\/index.php\/wp-json\/wp\/v2\/media?parent=72526"}],"wp:term":[{"taxonomy":"category","embeddable":true,"href":"https:\/\/ic.tecnopc.com.ar\/index.php\/wp-json\/wp\/v2\/categories?post=72526"},{"taxonomy":"post_tag","embeddable":true,"href":"https:\/\/ic.tecnopc.com.ar\/index.php\/wp-json\/wp\/v2\/tags?post=72526"}],"curies":[{"name":"wp","href":"https:\/\/api.w.org\/{rel}","templated":true}]}}