{"id":72527,"date":"2005-08-07T03:00:00","date_gmt":"2005-08-07T06:00:00","guid":{"rendered":"http:\/\/martineziuliano.com.ar\/web\/novedades-para-despues-de-octubre\/"},"modified":"2005-08-07T03:00:00","modified_gmt":"2005-08-07T06:00:00","slug":"novedades-para-despues-de-octubre","status":"publish","type":"post","link":"https:\/\/ic.tecnopc.com.ar\/index.php\/2005\/08\/07\/novedades-para-despues-de-octubre\/","title":{"rendered":"NOVEDADES PARA DESPU\u00c9S DE OCTUBRE"},"content":{"rendered":"<div><span style=\"color: #3366ff;\">La segunda fase del plan econ\u00f3mico<\/span><\/div>\n<div>Buenos Aires, ago. 4 (Especial para Noticias Argentinas, por  Daniel Casal) &#8212; El ministro Roberto Lavagna se limit\u00f3 a escuchar, pero, al  final, termin\u00f3 por asentir cuando se le plante\u00f3 la necesidad de darle nuevo  vigor al esquema econ\u00f3mico luego de los comicios de octubre pr\u00f3ximo.<\/div>\n<div>Fue en  una de las habituales reuniones que el ministro mantiene con economistas de  ciertas afinidades con la pol\u00edticas del Gobierno pero que, a su vez, guardan  distancia de la pol\u00edtica. <br \/>Esta fue a mediados de semana, en el palacio de  Hacienda y participaron los economistas Aldo Ferrer, H\u00e9ctor Valle, Miguel Bein,  Eduardo Curia, Roberto Frenkel y D\u00e9bora Giorgi. <br \/>Las conclusiones no vieron  la letra escrita pero qued\u00f3 flotando la necesidad de darle un nuevo impulso al  modelo econ\u00f3mico, que puede estar dando algunos s\u00edntomas de fatiga. <br \/>Ante  esto, y tambi\u00e9n por la campa\u00f1a electoral, volvieron a la palestra las propuestas  de mayor ortodoxia econ\u00f3mica, como dejar flotar al d\u00f3lar, aumentar el super\u00e1vit,  cerrar r\u00e1pidamente un acuerdo con el Fondo y congelar las negociaciones  salariales. <br \/>Entonces, los asistentes al encuentro, realizado en el palacio  de Hacienda, coincidieron en la necesidad de profundizar las pol\u00edticas actuales,  aunque hubo matices diversos entre todos. <br \/>Hubo coincidencia s\u00ed en que la  constante expectativa de una baja en el d\u00f3lar genera un duro golpe al modelo de  tipo de cambio alto. <br \/>Aunque tambi\u00e9n se admiti\u00f3 que la suma de pesos que el  Central deja en el mercado para sostener el tipo de cambio termina fogoneando la  inflaci\u00f3n. <br \/>All\u00ed se escuch\u00f3 la propuesta de acentuar el control a los  capitales especulativos para que el Central no deba tambi\u00e9n por ellos  desprenderse de pesos. <br \/>Hubo tambi\u00e9n enf\u00e1ticas propuestas para reforzar el  tipo de cambio y, en ese sentido, Eduardo Curia abog\u00f3 para que el techo del  d\u00f3lar se ubique en torno a los 3,10 pesos, al que se puede llegar con un sistema  de ajustes peri\u00f3dicos. <br \/>Sin embargo, Miguel Bein se mostr\u00f3 partidario de una  paulatina apreciaci\u00f3n del peso ante el convencimiento que una pol\u00edtica de cambio  alto no puede ser sostenida en el tiempo sin costos sociales. <br \/>En cambio,  Curia dijo que un d\u00f3lar alto debe esta acompa\u00f1ado necesariamente por una  pol\u00edtica de actualizaciones salariales y de control da capitales especulativos.  <br \/>Advirti\u00f3, en ese marco, que si se da una flotaci\u00f3n absoluta se estar\u00eda  generando un desastre en lo productivo y en la creaci\u00f3n de empleo. <br \/>Antes de  terminar, Aldo Ferrer expres\u00f3 que todos esos planteos deber ser recogidos para  un debate m\u00e1s amplio una vez que se acallen los ecos de la urnas. <br \/>Lavagna,  que se mantuvo en silencio en gran parte del encuentro, asinti\u00f3 y dej\u00f3 abierta  la posibilidad de una segunda etapa del plan econ\u00f3mico. <br \/>Los invitados se  fueron del lugar convencidos que un supuesto acuerdo con el FMI s\u00f3lo llegar\u00e1  luego de octubre. <br \/>Por otra parte, el ministro se encarg\u00f3 en las \u00faltimas  horas de tender algunos puentes con los empresarios luego de los roces de las  \u00faltimas semanas. <br \/>En ese sentido recorri\u00f3 la Exposici\u00f3n Rural con el fin de  distender el clima hostil que se gener\u00f3 contra el Gobierno, sobre todo, por el  aumento de las retenciones a las exportaciones de l\u00e1cteos y a la repetida  ausencia del presidente N\u00e9stor Kirchner en el acto inaugural de la muestra.  <br \/>En el almuerzo que mantuvo con los dirigentes ruralistas se encarg\u00f3 de  acercar posiciones pero tambi\u00e9n de refutar algunas de las cr\u00edticas. <br \/>En  principio, hay un concepto de los empresarios del agro que es irrefutable y que  es que en un mundo donde se aplican subsidios a las producciones agr\u00edcolas,  Argentina no s\u00f3lo no lo hace sino adem\u00e1s castiga con retenciones. <br \/>Pero,  tambi\u00e9n lo es que el campo se vio favorecido por la devaluaci\u00f3n, las sequ\u00edas en  grandes centros de producci\u00f3n del mundo y el aumento de los precios  internacionales. <br \/>Y esto es significativo para un pa\u00eds que todav\u00eda est\u00e1  pagando los costos y repartiendo las cargas de la mayor tragedia econ\u00f3mica.  <br \/>Sin ir m\u00e1s lejos, una buena parte de la retenciones se destinan al pago de  planes sociales.<\/div>\n","protected":false},"excerpt":{"rendered":"<div><span style=\"color: #3366ff;\">La segunda fase del plan econ\u00f3mico<\/span><\/div>\n<div>Buenos Aires, ago. 4 (Especial para Noticias Argentinas, por  Daniel Casal) &#8212; El ministro Roberto Lavagna se limit\u00f3 a escuchar, pero, al  final, termin\u00f3 por asentir cuando se le plante\u00f3 la necesidad de darle nuevo  vigor al esquema econ\u00f3mico luego de los comicios de octubre pr\u00f3ximo.<\/div>\n<div>\n","protected":false},"author":1,"featured_media":0,"comment_status":"closed","ping_status":"open","sticky":false,"template":"","format":"standard","meta":{"footnotes":""},"categories":[3],"tags":[],"class_list":["post-72527","post","type-post","status-publish","format-standard","hentry","category-ultimas-noticias"],"_links":{"self":[{"href":"https:\/\/ic.tecnopc.com.ar\/index.php\/wp-json\/wp\/v2\/posts\/72527","targetHints":{"allow":["GET"]}}],"collection":[{"href":"https:\/\/ic.tecnopc.com.ar\/index.php\/wp-json\/wp\/v2\/posts"}],"about":[{"href":"https:\/\/ic.tecnopc.com.ar\/index.php\/wp-json\/wp\/v2\/types\/post"}],"author":[{"embeddable":true,"href":"https:\/\/ic.tecnopc.com.ar\/index.php\/wp-json\/wp\/v2\/users\/1"}],"replies":[{"embeddable":true,"href":"https:\/\/ic.tecnopc.com.ar\/index.php\/wp-json\/wp\/v2\/comments?post=72527"}],"version-history":[{"count":0,"href":"https:\/\/ic.tecnopc.com.ar\/index.php\/wp-json\/wp\/v2\/posts\/72527\/revisions"}],"wp:attachment":[{"href":"https:\/\/ic.tecnopc.com.ar\/index.php\/wp-json\/wp\/v2\/media?parent=72527"}],"wp:term":[{"taxonomy":"category","embeddable":true,"href":"https:\/\/ic.tecnopc.com.ar\/index.php\/wp-json\/wp\/v2\/categories?post=72527"},{"taxonomy":"post_tag","embeddable":true,"href":"https:\/\/ic.tecnopc.com.ar\/index.php\/wp-json\/wp\/v2\/tags?post=72527"}],"curies":[{"name":"wp","href":"https:\/\/api.w.org\/{rel}","templated":true}]}}