{"id":72545,"date":"2005-07-11T03:00:00","date_gmt":"2005-07-11T06:00:00","guid":{"rendered":"http:\/\/martineziuliano.com.ar\/web\/inseguridad-juridica-en-lo-laboral-245\/"},"modified":"2005-07-11T03:00:00","modified_gmt":"2005-07-11T06:00:00","slug":"inseguridad-juridica-en-lo-laboral-245","status":"publish","type":"post","link":"https:\/\/ic.tecnopc.com.ar\/index.php\/2005\/07\/11\/inseguridad-juridica-en-lo-laboral-245\/","title":{"rendered":"INSEGURIDAD JUR\u00cdDICA EN LO LABORAL"},"content":{"rendered":"<div><span style=\"color: #3366ff;\">Un fallo judicial causa preocupaci\u00f3n en las empresas<\/span><\/div>\n<p>Buenos Aires, julio 11 (NA) &#8212; Un fallo de la C\u00e1mara Nacional del Trabajo oblig\u00f3  a una empresa a contabilizar las asignaciones no remunerativas a un empleado que  se desempe\u00f1aba fuera de convenio y fue despedido, y as\u00ed sent\u00f3 jurisprudencia en  otras demandas similares que podr\u00edan presentarse.<\/p>\n<p>\u00a0<\/p>\n<p>Se trata de la Sala 10 de  esa C\u00e1mara, que se expidi\u00f3 sobre el despido de un trabajador de una cadena de  supermercados. <br \/>Seg\u00fan el texto del fallo, divulgado por el matutino Infobae,  &#8220;con las asignaciones no remunerativas no corresponde excluir al trabajador por  encontrarse fuera de convenio&#8221;. <br \/>&#8220;En la reglamentaci\u00f3n de los decretos (que  otorgaron aumentos salariales no remunerativos) se orden\u00f3 que el beneficio  abarcara a todos los trabajadores del sector privado en relaci\u00f3n de dependencia,  comprendidos en el r\u00e9gimen de negociaci\u00f3n colectiva&#8221;, a\u00f1adi\u00f3 el tribunal.  <br \/>Este fallo puede sentar jurisprudencia en otras demandas que pudieran  presentar trabajadores que est\u00e1n en funciones por fuera de convenio, seg\u00fan  estimaron analistas del sector.<\/p>\n<p>\u00a0<\/p>\n","protected":false},"excerpt":{"rendered":"<div><span style=\"color: #3366ff;\">Un fallo judicial causa preocupaci\u00f3n en las empresas<\/span><\/div>\n<p>Buenos Aires, julio 11 (NA) &#8212; Un fallo de la C\u00e1mara Nacional del Trabajo oblig\u00f3  a una empresa a contabilizar las asignaciones no remunerativas a un empleado que  se desempe\u00f1aba fuera de convenio y fue despedido, y as\u00ed sent\u00f3 jurisprudencia en  otras demandas similares que podr\u00edan presentarse.<\/p>\n<p>\u00a0<\/p>\n","protected":false},"author":1,"featured_media":0,"comment_status":"closed","ping_status":"open","sticky":false,"template":"","format":"standard","meta":{"footnotes":""},"categories":[3],"tags":[],"class_list":["post-72545","post","type-post","status-publish","format-standard","hentry","category-ultimas-noticias"],"_links":{"self":[{"href":"https:\/\/ic.tecnopc.com.ar\/index.php\/wp-json\/wp\/v2\/posts\/72545","targetHints":{"allow":["GET"]}}],"collection":[{"href":"https:\/\/ic.tecnopc.com.ar\/index.php\/wp-json\/wp\/v2\/posts"}],"about":[{"href":"https:\/\/ic.tecnopc.com.ar\/index.php\/wp-json\/wp\/v2\/types\/post"}],"author":[{"embeddable":true,"href":"https:\/\/ic.tecnopc.com.ar\/index.php\/wp-json\/wp\/v2\/users\/1"}],"replies":[{"embeddable":true,"href":"https:\/\/ic.tecnopc.com.ar\/index.php\/wp-json\/wp\/v2\/comments?post=72545"}],"version-history":[{"count":0,"href":"https:\/\/ic.tecnopc.com.ar\/index.php\/wp-json\/wp\/v2\/posts\/72545\/revisions"}],"wp:attachment":[{"href":"https:\/\/ic.tecnopc.com.ar\/index.php\/wp-json\/wp\/v2\/media?parent=72545"}],"wp:term":[{"taxonomy":"category","embeddable":true,"href":"https:\/\/ic.tecnopc.com.ar\/index.php\/wp-json\/wp\/v2\/categories?post=72545"},{"taxonomy":"post_tag","embeddable":true,"href":"https:\/\/ic.tecnopc.com.ar\/index.php\/wp-json\/wp\/v2\/tags?post=72545"}],"curies":[{"name":"wp","href":"https:\/\/api.w.org\/{rel}","templated":true}]}}