{"id":72572,"date":"2005-05-26T03:00:00","date_gmt":"2005-05-26T06:00:00","guid":{"rendered":"http:\/\/martineziuliano.com.ar\/web\/restriccion-de-los-capitales-golondrinas\/"},"modified":"2005-05-26T03:00:00","modified_gmt":"2005-05-26T06:00:00","slug":"restriccion-de-los-capitales-golondrinas","status":"publish","type":"post","link":"https:\/\/ic.tecnopc.com.ar\/index.php\/2005\/05\/26\/restriccion-de-los-capitales-golondrinas\/","title":{"rendered":"RESTRICCI\u00d3N DE LOS CAPITALES GOLONDRINAS"},"content":{"rendered":"<div><span style=\"color: #3366ff;\">El Gobierno limit\u00f3 el ingreso de capitales &#8220;golondrina&#8221;<\/span><\/div>\n<div>Buenos Aires, mayo 26 (NA) &#8212; El Ministerio de Econom\u00eda  ampli\u00f3 a 365 d\u00edas el plazo m\u00ednimo de permanencia en el pa\u00eds de los denominados  capitales &#8220;golondrina&#8221;, con el fin de atenuar el efecto que producen los fondos  especulativos en el mercado local, como una baja del d\u00f3lar.<\/div>\n<div>Mediante la  resoluci\u00f3n 292\/2005, publicada en el Bolet\u00edn Oficial, el Palacio de Hacienda  ampli\u00f3 de 180 a 365 d\u00edas el plazo m\u00ednimo requerido para que las divisas que  ingresan del extranjero puedan salir nuevamente. <br \/>La medida est\u00e1 destinada a  evitar una ca\u00edda del tipo de cambio como consecuencia del ingreso de capitales  que se puede acrecentar tras el cierre del canje de deuda. <br \/>En ese sentido,  entre los considerandos de la medida se destaca que la &#8220;mayor confianza generada  por la evoluci\u00f3n pol\u00edtica y econ\u00f3mica del pa\u00eds y la reciente regulaci\u00f3n de la  deuda p\u00fablica han dado lugar a una creciente afluencia de capital e inversiones  del exterior bajo distintas modalidades&#8221;. <br \/>La disposici\u00f3n, firmada por el  ministro de Econom\u00eda, Roberto Lavagna, puntualiza que &#8220;cuando este flujo de  capitales es de corto plazo, traducido en una mayor oferta de divisas, incide  directamente sobre el mercado cambiario y en forma indirecta podr\u00eda afectar la  toma de decisiones de los agentes productivos del pa\u00eds en funci\u00f3n del eventual  efecto sobre la competitividad&#8221;. <br \/>Remarca, entonces, la necesidad de tomar  medidas que &#8220;tiendan a disminuir los efectos negativos que podr\u00edan generarse por  la volatilidad de los movimientos de los capitales financieros de corto  plazo&#8221;.<\/div>\n","protected":false},"excerpt":{"rendered":"<div><span style=\"color: #3366ff;\">El Gobierno limit\u00f3 el ingreso de capitales &#8220;golondrina&#8221;<\/span><\/div>\n<div>Buenos Aires, mayo 26 (NA) &#8212; El Ministerio de Econom\u00eda  ampli\u00f3 a 365 d\u00edas el plazo m\u00ednimo de permanencia en el pa\u00eds de los denominados  capitales &#8220;golondrina&#8221;, con el fin de atenuar el efecto que producen los fondos  especulativos en el mercado local, como una baja del d\u00f3lar.<\/div>\n<div>\n","protected":false},"author":1,"featured_media":0,"comment_status":"closed","ping_status":"open","sticky":false,"template":"","format":"standard","meta":{"footnotes":""},"categories":[3],"tags":[],"class_list":["post-72572","post","type-post","status-publish","format-standard","hentry","category-ultimas-noticias"],"_links":{"self":[{"href":"https:\/\/ic.tecnopc.com.ar\/index.php\/wp-json\/wp\/v2\/posts\/72572","targetHints":{"allow":["GET"]}}],"collection":[{"href":"https:\/\/ic.tecnopc.com.ar\/index.php\/wp-json\/wp\/v2\/posts"}],"about":[{"href":"https:\/\/ic.tecnopc.com.ar\/index.php\/wp-json\/wp\/v2\/types\/post"}],"author":[{"embeddable":true,"href":"https:\/\/ic.tecnopc.com.ar\/index.php\/wp-json\/wp\/v2\/users\/1"}],"replies":[{"embeddable":true,"href":"https:\/\/ic.tecnopc.com.ar\/index.php\/wp-json\/wp\/v2\/comments?post=72572"}],"version-history":[{"count":0,"href":"https:\/\/ic.tecnopc.com.ar\/index.php\/wp-json\/wp\/v2\/posts\/72572\/revisions"}],"wp:attachment":[{"href":"https:\/\/ic.tecnopc.com.ar\/index.php\/wp-json\/wp\/v2\/media?parent=72572"}],"wp:term":[{"taxonomy":"category","embeddable":true,"href":"https:\/\/ic.tecnopc.com.ar\/index.php\/wp-json\/wp\/v2\/categories?post=72572"},{"taxonomy":"post_tag","embeddable":true,"href":"https:\/\/ic.tecnopc.com.ar\/index.php\/wp-json\/wp\/v2\/tags?post=72572"}],"curies":[{"name":"wp","href":"https:\/\/api.w.org\/{rel}","templated":true}]}}