{"id":72578,"date":"2005-05-23T03:00:00","date_gmt":"2005-05-23T06:00:00","guid":{"rendered":"http:\/\/martineziuliano.com.ar\/web\/importantisima-herramienta\/"},"modified":"2005-05-23T03:00:00","modified_gmt":"2005-05-23T06:00:00","slug":"importantisima-herramienta","status":"publish","type":"post","link":"https:\/\/ic.tecnopc.com.ar\/index.php\/2005\/05\/23\/importantisima-herramienta\/","title":{"rendered":"IMPORTANT\u00cdSIMA HERRAMIENTA"},"content":{"rendered":"<div><span style=\"color: #3366ff;\">Lanzan sistema para brindar capacitaci\u00f3n a pymes en todo el  pa\u00eds a trav\u00e9s de Internet<\/span><\/div>\n<div><span style=\"color: #33cccc;\"><br \/><\/span><\/div>\n<div>Buenos Aires, mayo 21 (NA) &#8212; El subsecretario Pyme de la  Naci\u00f3n, Federico Poli, encabezar\u00e1 el martes pr\u00f3ximo el acto de lanzamiento del  Campus Virtual de Proargentina, una herramienta para capacitar a pymes de todo  el pa\u00eds, en cualquier momento del d\u00eda y desde cualquier computadora con acceso a  Internet.<\/div>\n<div>El lanzamiento se producir\u00e1 a las 11:30 en la sede de la red Media  Educativa, en Florida 935, de esta capital. <br \/>Este instrumento es fundamental  para cumplir con los objetivos de mejora de la competitividad y la producci\u00f3n de  las pymes exportadoras argentinas, acerc\u00e1ndoles capacitaci\u00f3n y entrenamiento de  calidad a los empresarios. <br \/>El encuentro, que cuenta con el apoyo de la  C\u00e1mara Argentina de Comercio Electr\u00f3nico, ser\u00e1 transmitido en vivo a trav\u00e9s de  la Sala de Videoconferencias de Proargentina a la que se puede acceder desde el  v\u00ednculo que se encuentra en la P\u00e1gina de Inicio del Portal de la PyME  Exportadora. <br \/>Adem\u00e1s, ser\u00e1 posible interactuar, formular preguntas e  inquietudes para los panelistas. <br \/>Adem\u00e1s de Poli, expondr\u00e1n Virgilio Tedin,  coordinador general de Comercio Exterior y Proargentina; y Marcos Pueyrred\u00f3n,  presidente de la C\u00e1mara Argentina de Comercio Electr\u00f3nico.<\/div>\n","protected":false},"excerpt":{"rendered":"<div><span style=\"color: #3366ff;\">Lanzan sistema para brindar capacitaci\u00f3n a pymes en todo el  pa\u00eds a trav\u00e9s de Internet<\/span><\/div>\n<div><span style=\"color: #33cccc;\"><br \/><\/span><\/div>\n<div>Buenos Aires, mayo 21 (NA) &#8212; El subsecretario Pyme de la  Naci\u00f3n, Federico Poli, encabezar\u00e1 el martes pr\u00f3ximo el acto de lanzamiento del  Campus Virtual de Proargentina, una herramienta para capacitar a pymes de todo  el pa\u00eds, en cualquier momento del d\u00eda y desde cualquier computadora con acceso a  Internet.<\/div>\n<div>\n","protected":false},"author":1,"featured_media":0,"comment_status":"closed","ping_status":"open","sticky":false,"template":"","format":"standard","meta":{"footnotes":""},"categories":[3],"tags":[],"class_list":["post-72578","post","type-post","status-publish","format-standard","hentry","category-ultimas-noticias"],"_links":{"self":[{"href":"https:\/\/ic.tecnopc.com.ar\/index.php\/wp-json\/wp\/v2\/posts\/72578","targetHints":{"allow":["GET"]}}],"collection":[{"href":"https:\/\/ic.tecnopc.com.ar\/index.php\/wp-json\/wp\/v2\/posts"}],"about":[{"href":"https:\/\/ic.tecnopc.com.ar\/index.php\/wp-json\/wp\/v2\/types\/post"}],"author":[{"embeddable":true,"href":"https:\/\/ic.tecnopc.com.ar\/index.php\/wp-json\/wp\/v2\/users\/1"}],"replies":[{"embeddable":true,"href":"https:\/\/ic.tecnopc.com.ar\/index.php\/wp-json\/wp\/v2\/comments?post=72578"}],"version-history":[{"count":0,"href":"https:\/\/ic.tecnopc.com.ar\/index.php\/wp-json\/wp\/v2\/posts\/72578\/revisions"}],"wp:attachment":[{"href":"https:\/\/ic.tecnopc.com.ar\/index.php\/wp-json\/wp\/v2\/media?parent=72578"}],"wp:term":[{"taxonomy":"category","embeddable":true,"href":"https:\/\/ic.tecnopc.com.ar\/index.php\/wp-json\/wp\/v2\/categories?post=72578"},{"taxonomy":"post_tag","embeddable":true,"href":"https:\/\/ic.tecnopc.com.ar\/index.php\/wp-json\/wp\/v2\/tags?post=72578"}],"curies":[{"name":"wp","href":"https:\/\/api.w.org\/{rel}","templated":true}]}}