{"id":72582,"date":"2005-05-13T03:00:00","date_gmt":"2005-05-13T06:00:00","guid":{"rendered":"http:\/\/martineziuliano.com.ar\/web\/aumento-en-impuesto-inmobiliario-capital-federal\/"},"modified":"2005-05-13T03:00:00","modified_gmt":"2005-05-13T06:00:00","slug":"aumento-en-impuesto-inmobiliario-capital-federal","status":"publish","type":"post","link":"https:\/\/ic.tecnopc.com.ar\/index.php\/2005\/05\/13\/aumento-en-impuesto-inmobiliario-capital-federal\/","title":{"rendered":"AUMENTO EN IMPUESTO INMOBILIARIO CAPITAL FEDERAL"},"content":{"rendered":"<div><span style=\"color: #3366ff;\">El Gobierno porte\u00f1o quiere revaluar las propiedades<\/span><\/div>\n<div>Buenos Aires, mayo 12 (NA) &#8212; El secretario de  Infraestructura y Planeamiento Urbano de la ciudad de Buenos Aires, Roberto  Feletti, se mostr\u00f3 hoy partidario de una revaluaci\u00f3n inmobiliaria en el distrito  porte\u00f1o &#8220;con al\u00edcuotas diferenciales&#8221; por zonas.<\/div>\n<div>El funcionario dijo que  esta revaluaci\u00f3n permitir\u00e1n al gobierno comunal &#8220;distribuir para todos los  vecinos por igual los beneficios de la renta inmobiliaria&#8221; en la ciudad.  <br \/>&#8220;As\u00ed como hay retenciones a las exportaciones porque hay una sobrerenta,  tambi\u00e9n tendr\u00edamos que pensar a trav\u00e9s del impuesto inmobiliario en un  instrumento que redistribuya la renta urbana para todos los vecinos&#8221;, a\u00f1adi\u00f3  Feletti. <br \/>Puntualmente, indic\u00f3 que &#8220;habr\u00eda que pensar en coeficientes por  zonas, al\u00edcuotas en funci\u00f3n del valor fiscal y acercarlos al valor del mercado,  ver qu\u00e9 dejan los emprendimientos inmobiliarios en t\u00e9rminos de beneficios para  la comunidad, como se hace en otras partes del mundo para redistribuir renta  urbana entre todos&#8221;. <br \/>El funcionario explic\u00f3 que &#8220;hoy el metro cuadrado  constru\u00eddo vale igual que en la Convertibilidad y el costo de la construcci\u00f3n no  ha aumentado 3 a 1, por lo que el valor de las propiedades demuestra que existe  una brecha que es una renta inmobiliaria muy importante&#8221;. <br \/>&#8220;Si no queremos  generar asimetr\u00edas debemos capturar esa renta y redistribuirla de otro modo&#8221;,  agreg\u00f3. <br \/>Se\u00f1al\u00f3 que &#8220;en cinco a\u00f1os nos encontraremos con una ciudad  dif\u00edcilmente reconocible a ra\u00edz de las obras de infraestructura que estamos  llevando adelante y que ya generan una revalorizaci\u00f3n inmobiliaria importante&#8221;.  <br \/>Feletti habl\u00f3 en un seminario organizado por la Fundaci\u00f3n Estado Trabajo y  Producci\u00f3n (FETYP) sobre &#8220;modelos de gesti\u00f3n p\u00fablico-privado para un desarrollo  urbano sustentable&#8221;, que se realiz\u00f3 en el Banco de la Ciudad de Buenos Aires.  <br \/>&#8220;La FETYP es una entidad de bien p\u00fablico sin fines de lucro, que busca  generar un \u00e1mbito t\u00e9cnico pol\u00edtico capaz de elaborar y difundir ideas que  enriquezcan la agenda p\u00fablica&#8221;, destac\u00f3 Roberto Feletti, presidente del Consejo  Honorario de la Fundaci\u00f3n. <br \/>Durante el seminario que sirvi\u00f3 como lanzamiento  de la FETYP, el especialista mexicano Carlos Morales se\u00f1al\u00f3 que el impuesto  inmobiliario en Latinoam\u00e9rica &#8220;es muy bajo&#8221; en relaci\u00f3n a los porcentajes  internacionales. <br \/>Por lo tanto, dijo que un incremento en ese tributo es &#8220;una  herramienta que permitir\u00eda a la Ciudad recuperar el valor que ha agregado a las  propiedades&#8221;. <br \/>&#8220;Eso permitir\u00e1 que el precio del terreno no quede en manos de  especuladores inmobiliarios que se llevan el gran porcentaje del monto total, ya  sea en el mercado formal como en el informal&#8221;, agreg\u00f3 Morales.<\/div>\n","protected":false},"excerpt":{"rendered":"<div><span style=\"color: #3366ff;\">El Gobierno porte\u00f1o quiere revaluar las propiedades<\/span><\/div>\n<div>Buenos Aires, mayo 12 (NA) &#8212; El secretario de  Infraestructura y Planeamiento Urbano de la ciudad de Buenos Aires, Roberto  Feletti, se mostr\u00f3 hoy partidario de una revaluaci\u00f3n inmobiliaria en el distrito  porte\u00f1o &#8220;con al\u00edcuotas diferenciales&#8221; por zonas.<\/div>\n<div>\n","protected":false},"author":1,"featured_media":0,"comment_status":"closed","ping_status":"open","sticky":false,"template":"","format":"standard","meta":{"footnotes":""},"categories":[3],"tags":[],"class_list":["post-72582","post","type-post","status-publish","format-standard","hentry","category-ultimas-noticias"],"_links":{"self":[{"href":"https:\/\/ic.tecnopc.com.ar\/index.php\/wp-json\/wp\/v2\/posts\/72582","targetHints":{"allow":["GET"]}}],"collection":[{"href":"https:\/\/ic.tecnopc.com.ar\/index.php\/wp-json\/wp\/v2\/posts"}],"about":[{"href":"https:\/\/ic.tecnopc.com.ar\/index.php\/wp-json\/wp\/v2\/types\/post"}],"author":[{"embeddable":true,"href":"https:\/\/ic.tecnopc.com.ar\/index.php\/wp-json\/wp\/v2\/users\/1"}],"replies":[{"embeddable":true,"href":"https:\/\/ic.tecnopc.com.ar\/index.php\/wp-json\/wp\/v2\/comments?post=72582"}],"version-history":[{"count":0,"href":"https:\/\/ic.tecnopc.com.ar\/index.php\/wp-json\/wp\/v2\/posts\/72582\/revisions"}],"wp:attachment":[{"href":"https:\/\/ic.tecnopc.com.ar\/index.php\/wp-json\/wp\/v2\/media?parent=72582"}],"wp:term":[{"taxonomy":"category","embeddable":true,"href":"https:\/\/ic.tecnopc.com.ar\/index.php\/wp-json\/wp\/v2\/categories?post=72582"},{"taxonomy":"post_tag","embeddable":true,"href":"https:\/\/ic.tecnopc.com.ar\/index.php\/wp-json\/wp\/v2\/tags?post=72582"}],"curies":[{"name":"wp","href":"https:\/\/api.w.org\/{rel}","templated":true}]}}