{"id":72593,"date":"2005-04-26T03:00:00","date_gmt":"2005-04-26T06:00:00","guid":{"rendered":"http:\/\/martineziuliano.com.ar\/web\/incertidumbre-en-riesgos-del-trabajo\/"},"modified":"2005-04-26T03:00:00","modified_gmt":"2005-04-26T06:00:00","slug":"incertidumbre-en-riesgos-del-trabajo","status":"publish","type":"post","link":"https:\/\/ic.tecnopc.com.ar\/index.php\/2005\/04\/26\/incertidumbre-en-riesgos-del-trabajo\/","title":{"rendered":"INCERTIDUMBRE EN RIESGOS DEL TRABAJO"},"content":{"rendered":"<div><span style=\"color: #3366ff;\">Participaci\u00f3n sindical en el control de las normas de  accidentes laborales<\/span><\/div>\n<p>Buenos Aires, abr. 26 (NA) &#8212; El proyecto que prepara el Gobierno sobre  accidentes laborales contempla un &#8220;fuerte incremento&#8221; de la reparaci\u00f3n econ\u00f3mica  para los accidentados y la creaci\u00f3n de comit\u00e9s mixtos por empresas, conformados  por empresarios y sindicalistas, que supervisar\u00e1n el control de las normativas.  <br \/>As\u00ed lo anticip\u00f3 el titular de la Superintendencia de Riesgos del Trabajo,  H\u00e9ctor Ver\u00f3n, en declaraciones que formul\u00f3 a la agencia Noticias Argentinas.<\/p>\n<p>Ver\u00f3n se\u00f1al\u00f3 que el proyecto contempla &#8220;la propuesta de instauraci\u00f3n de  distintos niveles de participaci\u00f3n de los trabajadores en defensa de su propia  salud&#8221;. <br \/>La norma prev\u00e9 la participaci\u00f3n en el control de las normas de un  delegado en empresas peque\u00f1as y de un Comit\u00e9 Mixto, con participaci\u00f3n de  empresas y trabajadores en los grandes establecimientos. <br \/>Ver\u00f3n consider\u00f3 que  la actual ley de accidentes laborales y su Reglamentaci\u00f3n &#8220;deben actualizarse  porque no contempla la actual realidad del mundo del trabajo y adem\u00e1s fue  sancionada durante gobiernos militares&#8221;. <br \/>Se\u00f1al\u00f3 que la legislaci\u00f3n debe  unificarse en una norma &#8220;que una la prevenci\u00f3n y la reparaci\u00f3n, ya que no pueden  estar separados la higiene y la seguridad en normas diferentes&#8221;. <br \/>El  funcionario se\u00f1al\u00f3 que todo lo relativo a la salud del trabajador debe estar  contemplada en una sola ley y destac\u00f3 que &#8220;es urgente la reformulaci\u00f3n de la  pol\u00edtica de inspecciones&#8221;. <br \/>En ese sentido, admiti\u00f3 que hoy las provincias  &#8220;afrontan dificultades serias para llevar adelante la tarea&#8221;. <br \/>El funcionario  confirm\u00f3 que el borrador del proyecto &#8220;ya fue elevado por el Ministerio de  Trabajo a la Presidencia de la Naci\u00f3n, con algunas modificaciones respecto del  proyecto que prepar\u00f3 la superintendencia&#8221;. <br \/>Ver\u00f3n habl\u00f3 ayer en el seminario  &#8220;Segunda Semana Argentina de la Salud&#8221; organizado por la Superintendencia y el  Ministerio de Trabajo, que cont\u00f3 con la participaci\u00f3n de especialistas  internacionales y t\u00e9cnicos de la Organizaci\u00f3n Internacional del Trabajo (OIT).  <br \/>All\u00ed, el titular de la superintendencia se\u00f1al\u00f3 que el proyecto propondr\u00e1  &#8220;nuevas formas de inspecci\u00f3n en materia de salud y seguridad en el trabajo en  consonancia con el art\u00edculo 81 de la OIT y las necesidades del pa\u00eds&#8221;. <br \/>Agreg\u00f3  que el proyecto contendr\u00e1 datos sobre &#8220;el rol espec\u00edfico y el detalle de las  actividades que deben desarrollar las aseguradoras en materia de prevenci\u00f3n&#8221;.  <br \/>En su discurso, Ver\u00f3n dijo que \u00e9sta es &#8220;la asignatura pendiente m\u00e1s  importante&#8221; de las aseguradoras para intentar aclarar as\u00ed las confusiones que  continuamente manifiesta la Asociaci\u00f3n de ART, lo que las lleva a distanciarse  del rol preventivo que les adjudica la actual ley&#8221;. <br \/>&#8220;Creemos que al fin  comprender\u00e1n que son empresas de servicios que se financian como un seguro y no  empresas de seguros que prestan alg\u00fan servicio&#8221;, dijo Ver\u00f3n en su exposici\u00f3n en  el seminario&#8221;.<\/p>\n","protected":false},"excerpt":{"rendered":"<div><span style=\"color: #3366ff;\">Participaci\u00f3n sindical en el control de las normas de  accidentes laborales<\/span><\/div>\n<p>Buenos Aires, abr. 26 (NA) &#8212; El proyecto que prepara el Gobierno sobre  accidentes laborales contempla un &#8220;fuerte incremento&#8221; de la reparaci\u00f3n econ\u00f3mica  para los accidentados y la creaci\u00f3n de comit\u00e9s mixtos por empresas, conformados  por empresarios y sindicalistas, que supervisar\u00e1n el control de las normativas.  <br \/>As\u00ed lo anticip\u00f3 el titular de la Superintendencia de Riesgos del Trabajo,  H\u00e9ctor Ver\u00f3n, en declaraciones que formul\u00f3 a la agencia Noticias Argentinas.<\/p>\n","protected":false},"author":1,"featured_media":0,"comment_status":"closed","ping_status":"open","sticky":false,"template":"","format":"standard","meta":{"footnotes":""},"categories":[3],"tags":[],"class_list":["post-72593","post","type-post","status-publish","format-standard","hentry","category-ultimas-noticias"],"_links":{"self":[{"href":"https:\/\/ic.tecnopc.com.ar\/index.php\/wp-json\/wp\/v2\/posts\/72593","targetHints":{"allow":["GET"]}}],"collection":[{"href":"https:\/\/ic.tecnopc.com.ar\/index.php\/wp-json\/wp\/v2\/posts"}],"about":[{"href":"https:\/\/ic.tecnopc.com.ar\/index.php\/wp-json\/wp\/v2\/types\/post"}],"author":[{"embeddable":true,"href":"https:\/\/ic.tecnopc.com.ar\/index.php\/wp-json\/wp\/v2\/users\/1"}],"replies":[{"embeddable":true,"href":"https:\/\/ic.tecnopc.com.ar\/index.php\/wp-json\/wp\/v2\/comments?post=72593"}],"version-history":[{"count":0,"href":"https:\/\/ic.tecnopc.com.ar\/index.php\/wp-json\/wp\/v2\/posts\/72593\/revisions"}],"wp:attachment":[{"href":"https:\/\/ic.tecnopc.com.ar\/index.php\/wp-json\/wp\/v2\/media?parent=72593"}],"wp:term":[{"taxonomy":"category","embeddable":true,"href":"https:\/\/ic.tecnopc.com.ar\/index.php\/wp-json\/wp\/v2\/categories?post=72593"},{"taxonomy":"post_tag","embeddable":true,"href":"https:\/\/ic.tecnopc.com.ar\/index.php\/wp-json\/wp\/v2\/tags?post=72593"}],"curies":[{"name":"wp","href":"https:\/\/api.w.org\/{rel}","templated":true}]}}